{"id":1502,"date":"2024-09-11T14:36:58","date_gmt":"2024-09-11T12:36:58","guid":{"rendered":"https:\/\/www.diocesi.lodi.it\/famiglia\/?p=1502"},"modified":"2025-04-25T08:39:03","modified_gmt":"2025-04-25T06:39:03","slug":"corsi-di-preparazione-al-matrimonio-2024-25","status":"publish","type":"post","link":"https:\/\/www.diocesi.lodi.it\/famiglia\/corsi-di-preparazione-al-matrimonio-2024-25\/","title":{"rendered":"Corsi di preparazione al matrimonio 2024-25"},"content":{"rendered":"<p><strong>Gioved\u00ec 13 Febbraio alle ore 21:00 ci sar\u00e0 l\u2019incontro del Vescovo<\/strong> con tutte le coppie che si preparano al matrimonio, presso la Chiesa del Sacro Cuore, viale Europa, Lodi.<\/p>\n<p>Scarica il <a href=\"https:\/\/www.diocesi.lodi.it\/famiglia\/wp-content\/uploads\/sites\/4\/2024\/09\/fidanzati-2024_25.pdf\">calendario<\/a> [.PDF] degli incontri.<\/p>\n<h3>Vicariato<strong> di Lodi<\/strong><\/h3>\n<ul>\n<li><em>Primo corso<\/em><br \/>\nSede: Oratorio Ausiliatrice, viale Rimembranze, 14 \u2013 Lodi.<br \/>\nDate: Marted\u00ec 8, 15, 22, 29 ottobre; 5, 12, 19, 26 novembre.<\/li>\n<li><em>Secondo corso<\/em><br \/>\nSede: Oratorio San Fereolo, viale Pavia, 41 \u2013 Lodi.<br \/>\nDate: Gioved\u00ec 9, 16, 23, 30 gennaio; 6,13, 20, 27 febbraio,<\/li>\n<li><em>Terzo corso<\/em><br \/>\nSede: Oratorio Sant\u2019Alberto, via Giuseppe Saragat, 4 \u2013 Lodi.<br \/>\n* Dalle 15:00 alle 17.15.<br \/>\nDate: Sabato 11, 18, 25 gennaio; 1, 8, 15, 22 febbraio, 1\u00b0 marzo.<\/li>\n<li><em>Quarto corso<\/em><br \/>\nSede: Oratorio Santa Francesca Cabrini, via Madre Cabrini, 2 \u2013 Lodi.<br \/>\nDate: Gioved\u00ec 20, 27 febbraio; 6,13, 20, 27 marzo; 3, 10 aprile.<\/li>\n<\/ul>\n<p>Modalit\u00e0: <strong>iscrizione presso i propri parroci<\/strong> richiedendo lettera di presentazione da inviare, indicando il corso prescelto, ai coniugi Dario e Cristina Versetti: famigliaversetti@gmail.com<\/p>\n<p>Tutti gli incontri iniziano alle 21.00 e terminano alle 23.00 ca. L\u2019itinerario numero tre, a S. Alberto, ha un orario differente (dalle 15.00 alle 17.15).<\/p>\n<h3>Vicariato di Codogno<\/h3>\n<ul>\n<li><em>Primo corso<\/em><br \/>\nDate: Marted\u00ec 8, 15, 22, 29 ottobre; 5, 12, 19, 26 novembre.<br \/>\nDalle 21:00 alle 23:00.<\/li>\n<li><em>Secondo corso<\/em><br \/>\nDate: Gioved\u00ec 6, 13, 20, 27 Febbraio; 6, 13, 20, 27 Marzo.<br \/>\nDalle 21:00 alle 23:00.<\/li>\n<\/ul>\n<p>Sede: Centro di Spiritualit\u00e0 Sacro Cuore (Suore missionarie di S. F. Cabrini) ingresso da via Carducci a Codogno. Tel 0377\/32370<br \/>\nEmail: info@rsacabrinicodognoo.it<\/p>\n<p>Modalit\u00e0:<strong> \u00c8 necessaria la presentazione del Parroco<\/strong> da consegnare per l\u2019iscrizione presso la Segreteria della sede del corso.<\/p>\n<h3>Vicariato di Paullo e Spino<\/h3>\n<ul>\n<li><em>Primo corso<\/em><br \/>\nSede: Paullo Via Milano 12 (ex casa delle suore), parcheggio interno:<br \/>\nDalle 21:00 alle 23:00.<br \/>\nDate: Gioved\u00ec 26 Settembre, 3, 10, 17, 24 Ottobre; Gioved\u00ec 7, 14, 21 Novembre.<\/li>\n<li><em>Secondo corso<\/em><br \/>\nSede: Zelo Buon Persico c\/o l\u2019oratorio in via Dante, 57:<br \/>\nDalle 21:00 alle 23:00.<br \/>\nDate: Marted\u00ec 7, 14, 21, 28 gennaio; 4, 11, 18 e 25 Febbraio 2025.<\/li>\n<li><em>Terzo corso<\/em><br \/>\nSede: Spino d\u2019Adda c\/o l\u2019oratorio in viale della Vittoria, 4:<br \/>\nDalle 21:00 alle 23:00.<br \/>\nDate: Luned\u00ec 24 Febbraio, 3, 10,17, 24 e 31 Marzo; 7 e 14 Aprile 2025.<\/li>\n<\/ul>\n<p>Per informazioni:<br \/>\nParrocchia di S. Andrea apostolo in Zelo Buon Persico.<br \/>\nTelefono: 02.33298400 &#8211; Email: zelo@diocesi.lodi.it<\/p>\n<p>Modalit\u00e0 di iscrizione: <strong>si accetteranno entro 10 giorni prima dalla data di inizio del corso<\/strong><\/p>\n<h3>Vicariato di Sant\u2019Angelo<\/h3>\n<ul>\n<li><em>Primo corso<\/em> Date: Venerd\u00ec 20, 27 Settembre; 04, 11, 18 e 25 Ottobre; 08 e Domenica 10 Novembre.<br \/>\nDalle 21.00 alle 22.30<\/li>\n<li><em>Secondo corso<\/em><br \/>\nDate: Venerd\u00ec 24 e 31 Gennaio 2025; Venerd\u00ec 07 Febbraio, Gioved\u00ec 13 Febbraio, Venerd\u00ec 21 e 28 Febbraio; Gioved\u00ec 06 e Domenica 9 Marzo 2025.<br \/>\nDalle 21.00 alle 22.30<\/li>\n<\/ul>\n<p>Sede: Oratorio San Luigi &#8211; Via A. Manzoni, 7 &#8211; 26866 Sant&#8217;Angelo Lodigiano<br \/>\nDalle 21:00 alle 23:00<\/p>\n<p>Modalit\u00e0:<strong> iscrizione presso i propri parroci<\/strong>. Per informazioni: tel. 3395329617 (don Maurizio)<\/p>\n<h3>Vicariato di Casalpusterlengo<\/h3>\n<ul>\n<li>Primo corso<br \/>\nDate: Gioved\u00ec 19, 26 Settembre; Gioved\u00ec 03, 10, 17 e 24 Ottobre; Gioved\u00ec 7, 14 e 21 Novembre. Celebrazione conclusiva Domenica 24 Novembre<\/li>\n<li>Secondo corso<br \/>\nDate: Gioved\u00ec 16, 23 e 30 Gennaio; Gioved\u00ec 06, 13, 20 e 27 Febbraio; Gioved\u00ec 6, 13 Marzo. Celebrazione conclusiva Domenica 16 Marzo<\/li>\n<li>Terzo corso<br \/>\nDate: Gioved\u00ec 3, 10 e 24 Aprile; Gioved\u00ec 08, 15, 22 e 29 Maggio; Gioved\u00ec 5, 12 Giugno. Celebrazione conclusiva Domenica 15 Giugno<\/li>\n<\/ul>\n<p>Sede: Oratorio Casa del Giovane &#8211; Via Battisti, 4 &#8211; 26841 Casalpusterlengo<br \/>\nDalle 21:00 alle 23:00.<\/p>\n<p>Modalit\u00e0: le <strong>iscrizioni presso la casa parrocchiale di Casalpusterlengo<\/strong> (Piazza del Popolo 7) previo accordo con il proprio parroco.<\/p>\n<h3>Vicariato di Lodivecchio<\/h3>\n<ul>\n<li><em>Primo corso<\/em><br \/>\nSede: Oratorio San Martino in strada, piazza del popolo<br \/>\nDate: Mercoled\u00ec 11, 18, 25 Settembre; Mercoled\u00ec 02, 09, 16, 23 e 30 Ottobre; Mercoled\u00ec 6, e 13 Novembre.<br \/>\nOrari: Dalle 21.00 alle 22.30<\/li>\n<li><em>Secondo corso<\/em><br \/>\nSede: Oratorio San Luigi, p.za V. Emanuele, 19 a Lodivecchio<br \/>\nDate: Sabato 11, 18, 25 Gennaio 2025; Sabato 01, 08, 15 e 25 Febbraio 2025; Sabato 01 e 08 Marzo.<br \/>\nOrari: Dalle 17.30 alle 19.30<\/li>\n<li><em>Terzo corso<\/em><br \/>\nSede: Oratorio San G, Bosco, via S. G. Bosco, 5 &#8211; Tavazzano<br \/>\nDate: Mercoled\u00ec 2, 9, 23 e 30 Aprile 2025; Mercoled\u00ec 07, 14, 21 e 28 Maggio 2025.<br \/>\nOrari: Dalle 21.00 alle 22.30<\/li>\n<li><em>Quarto corso<\/em><br \/>\nSede: Oratorio San Martino in strada, piazza del popolo<br \/>\nDate: Mercoled\u00ec 10, 17, 24Settembre 2025; Mercoled\u00ec 01, 08, 15 22 e 29 Ottobre 2025; Mercoled\u00ec 5 Novembre 2025.<br \/>\nOrari: Dalle 21.00 alle 22.30<\/li>\n<\/ul>\n","protected":false},"excerpt":{"rendered":"<p>Gioved\u00ec 13 Febbraio alle ore 21:00 ci sar\u00e0 l\u2019incontro del Vescovo con tutte le coppie che si preparano al matrimonio, presso la Chiesa del Sacro Cuore, viale Europa, Lodi. Scarica il calendario [.PDF] degli incontri. Vicariato di Lodi Primo corso Sede: Oratorio Ausiliatrice, viale Rimembranze, 14 \u2013 Lodi. Date: Marted\u00ec 8, 15, 22, 29 ottobre; [&hellip;]<\/p>\n","protected":false},"author":0,"featured_media":1533,"comment_status":"closed","ping_status":"closed","sticky":false,"template":"","format":"standard","meta":{"_acf_changed":false,"ip_address":"","user_agent":"","level":"","revision":"","cookie_id":"","page_referer":"","html_form":"","footnotes":""},"categories":[276],"tags":[293],"acf":[],"yoast_head":"<!-- This site is optimized with the Yoast SEO plugin v22.3 - https:\/\/yoast.com\/wordpress\/plugins\/seo\/ -->\n<title>Corsi di preparazione al matrimonio 2024-25 - Ufficio Famiglia<\/title>\n<meta name=\"description\" content=\"Il calendario degli incontri per fidanzati in preparazione al matrimonio, divisi per Vicariati. Gioved\u00ec 13 Febbraio l\u2019incontro col Vescovo.\" \/>\n<meta name=\"robots\" content=\"index, follow, max-snippet:-1, max-image-preview:large, max-video-preview:-1\" \/>\n<link rel=\"canonical\" href=\"https:\/\/www.diocesi.lodi.it\/famiglia\/corsi-di-preparazione-al-matrimonio-2024-25\/\" \/>\n<meta property=\"og:locale\" content=\"it_IT\" \/>\n<meta property=\"og:type\" content=\"article\" \/>\n<meta property=\"og:title\" content=\"Corsi di preparazione al matrimonio 2024-25 - Ufficio Famiglia\" \/>\n<meta property=\"og:description\" content=\"Il calendario degli incontri per fidanzati in preparazione al matrimonio, divisi per Vicariati. Gioved\u00ec 13 Febbraio l\u2019incontro col Vescovo.\" \/>\n<meta property=\"og:url\" content=\"https:\/\/www.diocesi.lodi.it\/famiglia\/corsi-di-preparazione-al-matrimonio-2024-25\/\" \/>\n<meta property=\"og:site_name\" content=\"Ufficio Famiglia\" \/>\n<meta property=\"article:published_time\" content=\"2024-09-11T12:36:58+00:00\" \/>\n<meta property=\"article:modified_time\" content=\"2025-04-25T06:39:03+00:00\" \/>\n<meta property=\"og:image\" content=\"https:\/\/www.diocesi.lodi.it\/famiglia\/wp-content\/uploads\/sites\/4\/2016\/07\/g1aca0186ce8c2d8907a6aa6da836b44e6bf46840d9e4a98614bcc0077c89bfffcc0d418dd2d2c0bdc2c24f112200f348_1920.jpg\" \/>\n\t<meta property=\"og:image:width\" content=\"1920\" \/>\n\t<meta property=\"og:image:height\" content=\"1290\" \/>\n\t<meta property=\"og:image:type\" content=\"image\/jpeg\" \/>\n<meta name=\"author\" content=\"lucaservidati\" \/>\n<meta name=\"twitter:card\" content=\"summary_large_image\" \/>\n<meta name=\"twitter:label1\" content=\"Scritto da\" \/>\n\t<meta name=\"twitter:data1\" content=\"\" \/>\n\t<meta name=\"twitter:label2\" content=\"Tempo di lettura stimato\" \/>\n\t<meta name=\"twitter:data2\" content=\"5 minuti\" \/>\n<script type=\"application\/ld+json\" class=\"yoast-schema-graph\">{\"@context\":\"https:\/\/schema.org\",\"@graph\":[{\"@type\":\"Article\",\"@id\":\"https:\/\/www.diocesi.lodi.it\/famiglia\/corsi-di-preparazione-al-matrimonio-2024-25\/#article\",\"isPartOf\":{\"@id\":\"https:\/\/www.diocesi.lodi.it\/famiglia\/corsi-di-preparazione-al-matrimonio-2024-25\/\"},\"author\":{\"name\":\"lucaservidati\",\"@id\":\"https:\/\/www.diocesi.lodi.it\/famiglia\/#\/schema\/person\/018a07f12cbe0b8ca64097998bcf928b\"},\"headline\":\"Corsi di preparazione al matrimonio 2024-25\",\"datePublished\":\"2024-09-11T12:36:58+00:00\",\"dateModified\":\"2025-04-25T06:39:03+00:00\",\"mainEntityOfPage\":{\"@id\":\"https:\/\/www.diocesi.lodi.it\/famiglia\/corsi-di-preparazione-al-matrimonio-2024-25\/\"},\"wordCount\":541,\"publisher\":{\"@id\":\"https:\/\/www.diocesi.lodi.it\/famiglia\/#organization\"},\"image\":{\"@id\":\"https:\/\/www.diocesi.lodi.it\/famiglia\/corsi-di-preparazione-al-matrimonio-2024-25\/#primaryimage\"},\"thumbnailUrl\":\"https:\/\/www.diocesi.lodi.it\/famiglia\/wp-content\/uploads\/sites\/4\/2016\/07\/g1aca0186ce8c2d8907a6aa6da836b44e6bf46840d9e4a98614bcc0077c89bfffcc0d418dd2d2c0bdc2c24f112200f348_1920.jpg\",\"keywords\":[\"formazione\"],\"articleSection\":[\"Cammini\"],\"inLanguage\":\"it-IT\"},{\"@type\":\"WebPage\",\"@id\":\"https:\/\/www.diocesi.lodi.it\/famiglia\/corsi-di-preparazione-al-matrimonio-2024-25\/\",\"url\":\"https:\/\/www.diocesi.lodi.it\/famiglia\/corsi-di-preparazione-al-matrimonio-2024-25\/\",\"name\":\"Corsi di preparazione al matrimonio 2024-25 - Ufficio Famiglia\",\"isPartOf\":{\"@id\":\"https:\/\/www.diocesi.lodi.it\/famiglia\/#website\"},\"primaryImageOfPage\":{\"@id\":\"https:\/\/www.diocesi.lodi.it\/famiglia\/corsi-di-preparazione-al-matrimonio-2024-25\/#primaryimage\"},\"image\":{\"@id\":\"https:\/\/www.diocesi.lodi.it\/famiglia\/corsi-di-preparazione-al-matrimonio-2024-25\/#primaryimage\"},\"thumbnailUrl\":\"https:\/\/www.diocesi.lodi.it\/famiglia\/wp-content\/uploads\/sites\/4\/2016\/07\/g1aca0186ce8c2d8907a6aa6da836b44e6bf46840d9e4a98614bcc0077c89bfffcc0d418dd2d2c0bdc2c24f112200f348_1920.jpg\",\"datePublished\":\"2024-09-11T12:36:58+00:00\",\"dateModified\":\"2025-04-25T06:39:03+00:00\",\"description\":\"Il calendario degli incontri per fidanzati in preparazione al matrimonio, divisi per Vicariati. Gioved\u00ec 13 Febbraio l\u2019incontro col Vescovo.\",\"breadcrumb\":{\"@id\":\"https:\/\/www.diocesi.lodi.it\/famiglia\/corsi-di-preparazione-al-matrimonio-2024-25\/#breadcrumb\"},\"inLanguage\":\"it-IT\",\"potentialAction\":[{\"@type\":\"ReadAction\",\"target\":[\"https:\/\/www.diocesi.lodi.it\/famiglia\/corsi-di-preparazione-al-matrimonio-2024-25\/\"]}]},{\"@type\":\"ImageObject\",\"inLanguage\":\"it-IT\",\"@id\":\"https:\/\/www.diocesi.lodi.it\/famiglia\/corsi-di-preparazione-al-matrimonio-2024-25\/#primaryimage\",\"url\":\"https:\/\/www.diocesi.lodi.it\/famiglia\/wp-content\/uploads\/sites\/4\/2016\/07\/g1aca0186ce8c2d8907a6aa6da836b44e6bf46840d9e4a98614bcc0077c89bfffcc0d418dd2d2c0bdc2c24f112200f348_1920.jpg\",\"contentUrl\":\"https:\/\/www.diocesi.lodi.it\/famiglia\/wp-content\/uploads\/sites\/4\/2016\/07\/g1aca0186ce8c2d8907a6aa6da836b44e6bf46840d9e4a98614bcc0077c89bfffcc0d418dd2d2c0bdc2c24f112200f348_1920.jpg\",\"width\":1920,\"height\":1290},{\"@type\":\"BreadcrumbList\",\"@id\":\"https:\/\/www.diocesi.lodi.it\/famiglia\/corsi-di-preparazione-al-matrimonio-2024-25\/#breadcrumb\",\"itemListElement\":[{\"@type\":\"ListItem\",\"position\":1,\"name\":\"Home\",\"item\":\"https:\/\/www.diocesi.lodi.it\/famiglia\/\"},{\"@type\":\"ListItem\",\"position\":2,\"name\":\"Corsi di preparazione al matrimonio 2024-25\"}]},{\"@type\":\"WebSite\",\"@id\":\"https:\/\/www.diocesi.lodi.it\/famiglia\/#website\",\"url\":\"https:\/\/www.diocesi.lodi.it\/famiglia\/\",\"name\":\"Ufficio Famiglia\",\"description\":\"Diocesi di Lodi\",\"publisher\":{\"@id\":\"https:\/\/www.diocesi.lodi.it\/famiglia\/#organization\"},\"potentialAction\":[{\"@type\":\"SearchAction\",\"target\":{\"@type\":\"EntryPoint\",\"urlTemplate\":\"https:\/\/www.diocesi.lodi.it\/famiglia\/?s={search_term_string}\"},\"query-input\":\"required name=search_term_string\"}],\"inLanguage\":\"it-IT\"},{\"@type\":\"Organization\",\"@id\":\"https:\/\/www.diocesi.lodi.it\/famiglia\/#organization\",\"name\":\"Ufficio Famiglia\",\"url\":\"https:\/\/www.diocesi.lodi.it\/famiglia\/\",\"logo\":{\"@type\":\"ImageObject\",\"inLanguage\":\"it-IT\",\"@id\":\"https:\/\/www.diocesi.lodi.it\/famiglia\/#\/schema\/logo\/image\/\",\"url\":\"https:\/\/www.diocesi.lodi.it\/famiglia\/wp-content\/uploads\/sites\/4\/2023\/10\/lodi-ico.png\",\"contentUrl\":\"https:\/\/www.diocesi.lodi.it\/famiglia\/wp-content\/uploads\/sites\/4\/2023\/10\/lodi-ico.png\",\"width\":191,\"height\":190,\"caption\":\"Ufficio Famiglia\"},\"image\":{\"@id\":\"https:\/\/www.diocesi.lodi.it\/famiglia\/#\/schema\/logo\/image\/\"}}]}<\/script>\n<!-- \/ Yoast SEO plugin. -->","yoast_head_json":{"title":"Corsi di preparazione al matrimonio 2024-25 - Ufficio Famiglia","description":"Il calendario degli incontri per fidanzati in preparazione al matrimonio, divisi per Vicariati. Gioved\u00ec 13 Febbraio l\u2019incontro col Vescovo.","robots":{"index":"index","follow":"follow","max-snippet":"max-snippet:-1","max-image-preview":"max-image-preview:large","max-video-preview":"max-video-preview:-1"},"canonical":"https:\/\/www.diocesi.lodi.it\/famiglia\/corsi-di-preparazione-al-matrimonio-2024-25\/","og_locale":"it_IT","og_type":"article","og_title":"Corsi di preparazione al matrimonio 2024-25 - Ufficio Famiglia","og_description":"Il calendario degli incontri per fidanzati in preparazione al matrimonio, divisi per Vicariati. Gioved\u00ec 13 Febbraio l\u2019incontro col Vescovo.","og_url":"https:\/\/www.diocesi.lodi.it\/famiglia\/corsi-di-preparazione-al-matrimonio-2024-25\/","og_site_name":"Ufficio Famiglia","article_published_time":"2024-09-11T12:36:58+00:00","article_modified_time":"2025-04-25T06:39:03+00:00","og_image":[{"width":1920,"height":1290,"url":"https:\/\/www.diocesi.lodi.it\/famiglia\/wp-content\/uploads\/sites\/4\/2016\/07\/g1aca0186ce8c2d8907a6aa6da836b44e6bf46840d9e4a98614bcc0077c89bfffcc0d418dd2d2c0bdc2c24f112200f348_1920.jpg","type":"image\/jpeg"}],"author":"lucaservidati","twitter_card":"summary_large_image","twitter_misc":{"Scritto da":"","Tempo di lettura stimato":"5 minuti"},"schema":{"@context":"https:\/\/schema.org","@graph":[{"@type":"Article","@id":"https:\/\/www.diocesi.lodi.it\/famiglia\/corsi-di-preparazione-al-matrimonio-2024-25\/#article","isPartOf":{"@id":"https:\/\/www.diocesi.lodi.it\/famiglia\/corsi-di-preparazione-al-matrimonio-2024-25\/"},"author":{"name":"lucaservidati","@id":"https:\/\/www.diocesi.lodi.it\/famiglia\/#\/schema\/person\/018a07f12cbe0b8ca64097998bcf928b"},"headline":"Corsi di preparazione al matrimonio 2024-25","datePublished":"2024-09-11T12:36:58+00:00","dateModified":"2025-04-25T06:39:03+00:00","mainEntityOfPage":{"@id":"https:\/\/www.diocesi.lodi.it\/famiglia\/corsi-di-preparazione-al-matrimonio-2024-25\/"},"wordCount":541,"publisher":{"@id":"https:\/\/www.diocesi.lodi.it\/famiglia\/#organization"},"image":{"@id":"https:\/\/www.diocesi.lodi.it\/famiglia\/corsi-di-preparazione-al-matrimonio-2024-25\/#primaryimage"},"thumbnailUrl":"https:\/\/www.diocesi.lodi.it\/famiglia\/wp-content\/uploads\/sites\/4\/2016\/07\/g1aca0186ce8c2d8907a6aa6da836b44e6bf46840d9e4a98614bcc0077c89bfffcc0d418dd2d2c0bdc2c24f112200f348_1920.jpg","keywords":["formazione"],"articleSection":["Cammini"],"inLanguage":"it-IT"},{"@type":"WebPage","@id":"https:\/\/www.diocesi.lodi.it\/famiglia\/corsi-di-preparazione-al-matrimonio-2024-25\/","url":"https:\/\/www.diocesi.lodi.it\/famiglia\/corsi-di-preparazione-al-matrimonio-2024-25\/","name":"Corsi di preparazione al matrimonio 2024-25 - Ufficio Famiglia","isPartOf":{"@id":"https:\/\/www.diocesi.lodi.it\/famiglia\/#website"},"primaryImageOfPage":{"@id":"https:\/\/www.diocesi.lodi.it\/famiglia\/corsi-di-preparazione-al-matrimonio-2024-25\/#primaryimage"},"image":{"@id":"https:\/\/www.diocesi.lodi.it\/famiglia\/corsi-di-preparazione-al-matrimonio-2024-25\/#primaryimage"},"thumbnailUrl":"https:\/\/www.diocesi.lodi.it\/famiglia\/wp-content\/uploads\/sites\/4\/2016\/07\/g1aca0186ce8c2d8907a6aa6da836b44e6bf46840d9e4a98614bcc0077c89bfffcc0d418dd2d2c0bdc2c24f112200f348_1920.jpg","datePublished":"2024-09-11T12:36:58+00:00","dateModified":"2025-04-25T06:39:03+00:00","description":"Il calendario degli incontri per fidanzati in preparazione al matrimonio, divisi per Vicariati. Gioved\u00ec 13 Febbraio l\u2019incontro col Vescovo.","breadcrumb":{"@id":"https:\/\/www.diocesi.lodi.it\/famiglia\/corsi-di-preparazione-al-matrimonio-2024-25\/#breadcrumb"},"inLanguage":"it-IT","potentialAction":[{"@type":"ReadAction","target":["https:\/\/www.diocesi.lodi.it\/famiglia\/corsi-di-preparazione-al-matrimonio-2024-25\/"]}]},{"@type":"ImageObject","inLanguage":"it-IT","@id":"https:\/\/www.diocesi.lodi.it\/famiglia\/corsi-di-preparazione-al-matrimonio-2024-25\/#primaryimage","url":"https:\/\/www.diocesi.lodi.it\/famiglia\/wp-content\/uploads\/sites\/4\/2016\/07\/g1aca0186ce8c2d8907a6aa6da836b44e6bf46840d9e4a98614bcc0077c89bfffcc0d418dd2d2c0bdc2c24f112200f348_1920.jpg","contentUrl":"https:\/\/www.diocesi.lodi.it\/famiglia\/wp-content\/uploads\/sites\/4\/2016\/07\/g1aca0186ce8c2d8907a6aa6da836b44e6bf46840d9e4a98614bcc0077c89bfffcc0d418dd2d2c0bdc2c24f112200f348_1920.jpg","width":1920,"height":1290},{"@type":"BreadcrumbList","@id":"https:\/\/www.diocesi.lodi.it\/famiglia\/corsi-di-preparazione-al-matrimonio-2024-25\/#breadcrumb","itemListElement":[{"@type":"ListItem","position":1,"name":"Home","item":"https:\/\/www.diocesi.lodi.it\/famiglia\/"},{"@type":"ListItem","position":2,"name":"Corsi di preparazione al matrimonio 2024-25"}]},{"@type":"WebSite","@id":"https:\/\/www.diocesi.lodi.it\/famiglia\/#website","url":"https:\/\/www.diocesi.lodi.it\/famiglia\/","name":"Ufficio Famiglia","description":"Diocesi di Lodi","publisher":{"@id":"https:\/\/www.diocesi.lodi.it\/famiglia\/#organization"},"potentialAction":[{"@type":"SearchAction","target":{"@type":"EntryPoint","urlTemplate":"https:\/\/www.diocesi.lodi.it\/famiglia\/?s={search_term_string}"},"query-input":"required name=search_term_string"}],"inLanguage":"it-IT"},{"@type":"Organization","@id":"https:\/\/www.diocesi.lodi.it\/famiglia\/#organization","name":"Ufficio Famiglia","url":"https:\/\/www.diocesi.lodi.it\/famiglia\/","logo":{"@type":"ImageObject","inLanguage":"it-IT","@id":"https:\/\/www.diocesi.lodi.it\/famiglia\/#\/schema\/logo\/image\/","url":"https:\/\/www.diocesi.lodi.it\/famiglia\/wp-content\/uploads\/sites\/4\/2023\/10\/lodi-ico.png","contentUrl":"https:\/\/www.diocesi.lodi.it\/famiglia\/wp-content\/uploads\/sites\/4\/2023\/10\/lodi-ico.png","width":191,"height":190,"caption":"Ufficio Famiglia"},"image":{"@id":"https:\/\/www.diocesi.lodi.it\/famiglia\/#\/schema\/logo\/image\/"}}]}},"_links":{"self":[{"href":"https:\/\/www.diocesi.lodi.it\/famiglia\/wp-json\/wp\/v2\/posts\/1502"}],"collection":[{"href":"https:\/\/www.diocesi.lodi.it\/famiglia\/wp-json\/wp\/v2\/posts"}],"about":[{"href":"https:\/\/www.diocesi.lodi.it\/famiglia\/wp-json\/wp\/v2\/types\/post"}],"author":[{"embeddable":true,"href":"https:\/\/www.diocesi.lodi.it\/famiglia\/wp-json\/wp\/v2\/users\/16"}],"replies":[{"embeddable":true,"href":"https:\/\/www.diocesi.lodi.it\/famiglia\/wp-json\/wp\/v2\/comments?post=1502"}],"version-history":[{"count":4,"href":"https:\/\/www.diocesi.lodi.it\/famiglia\/wp-json\/wp\/v2\/posts\/1502\/revisions"}],"predecessor-version":[{"id":1550,"href":"https:\/\/www.diocesi.lodi.it\/famiglia\/wp-json\/wp\/v2\/posts\/1502\/revisions\/1550"}],"wp:featuredmedia":[{"embeddable":true,"href":"https:\/\/www.diocesi.lodi.it\/famiglia\/wp-json\/wp\/v2\/media\/1533"}],"wp:attachment":[{"href":"https:\/\/www.diocesi.lodi.it\/famiglia\/wp-json\/wp\/v2\/media?parent=1502"}],"wp:term":[{"taxonomy":"category","embeddable":true,"href":"https:\/\/www.diocesi.lodi.it\/famiglia\/wp-json\/wp\/v2\/categories?post=1502"},{"taxonomy":"post_tag","embeddable":true,"href":"https:\/\/www.diocesi.lodi.it\/famiglia\/wp-json\/wp\/v2\/tags?post=1502"}],"curies":[{"name":"wp","href":"https:\/\/api.w.org\/{rel}","templated":true}]}}