{"id":1928,"date":"2026-09-06T15:35:52","date_gmt":"2026-09-06T13:35:52","guid":{"rendered":"https:\/\/www.diocesi.lodi.it\/giovani\/?p=1928"},"modified":"2026-09-06T15:35:52","modified_gmt":"2026-09-06T13:35:52","slug":"sussidio-per-il-cammino-degli-adolescenti","status":"publish","type":"post","link":"https:\/\/www.diocesi.lodi.it\/giovani\/2026\/09\/06\/sussidio-per-il-cammino-degli-adolescenti\/","title":{"rendered":"Sussidio per il cammino degli adolescenti"},"content":{"rendered":"<p>\u201cQualsiasi cosa vi dica, fatela\u201d (Gv 2,5) \u00e8 l\u2019espressione con cui Maria si rivolge ai servitori alle nozze di Cana.<br \/>\nLei per prima si era fidata, dicendo il suo S\u00ec a Dio, e adesso invita altri a fare lo stesso, mettendo la loro vita<br \/>\nnelle mani di suo Figlio: non importa quanto le richieste di Ges\u00f9 possano sembrarci assurde, improbabili o<br \/>\nimpossibili, Maria ci sprona a fare quello che Lui ci chiede. \u201cNulla \u00e8 impossibile a Dio\u201d e lei l\u2019ha<br \/>\nsperimentato! La figura di Maria ha sempre guidato la Chiesa nel suo cammino nel tempo e lo fa ancora<br \/>\noggi per tutte le diverse generazioni. Crediamo che Maria possa ancora parlare al cuore degli adolescenti di<br \/>\noggi, lei che proprio negli anni dell\u2019adolescenza \u00e8 stata chiamata a dire di \u201cs\u00ec\u201d al progetto che Dio le aveva<br \/>\nriservato e che le sembrava cos\u00ec tanto pi\u00f9 grande di lei. \u201cIn Maria c\u2019\u00e8 la nostra storia. Incarnandosi in lei, il<br \/>\nDio della vita e della libert\u00e0 ha vinto la morte\u201d, ci ha ricordato papa Leone nell\u2019omelia in occasione della<br \/>\nsolennit\u00e0 dell\u2019Assunta nel 2025. Queste pagine sono pensate per offrire agli educatori degli adolescenti<br \/>\nalcuni spunti per riflettere insieme a loro sulla propria vita partendo dalla figura di Maria di Nazaret. Il<br \/>\ncapitolo introduttivo aiuta ad addentrarsi nel tema attraverso una serie di giochi che 3 permettono di<br \/>\nscoprire notizie e curiosit\u00e0 sulla vita della Madre di Ges\u00f9. Il sussidio \u00e8 poi suddiviso in 9 tappe che fanno<br \/>\nriferimento a momenti diversi della vita di Maria e ad un tema ad essi collegato: sar\u00e0 bello far scoprire agli<br \/>\nadolescenti che anche Maria nella sua vita ha sperimentato gli stessi dubbi, fatiche, gioie, dolori che anche<br \/>\nloro vivono nel loro quotidiano. In ciascuna tappa si potranno trovare:<br \/>\nL\u2019OBIETTIVO &#8211; L\u2019obiettivo tematico della tappa riassunto in poche parole;<br \/>\nIL CALENDARIO &#8211; Un approfondimento su Maria con riferimento alla festa liturgica abbinata e al tema<br \/>\nsviluppato nella tappa;<br \/>\nLA PAROLA &#8211; Il testo della Parola di Dio con un commento a due parole-chiave presenti nel brano biblico;<br \/>\nGLI SPUNTI &#8211; Alcune provocazioni che possono essere utilizzate come lancio del tema o per tirare le fila al<br \/>\ntermine dell\u2019unit\u00e0, attraverso linguaggi diversi:<br \/>\n\u2022 CON LE PAROLE: una conversazione, alcune citazioni e una domanda;<br \/>\n\u2022 CON LA MUSICA: una proposta di canzone da ascoltare. Vengono riportate alcune frasi del testo<br \/>\ncon alcune sottolineature e domande per riflettere;<br \/>\n\u2022 CON L\u2019ARTE: un\u2019opera d\u2019arte presente nella nostra diocesi, con una breve descrizione;<br \/>\nLE ATTIVIT\u00c0 \u2013 Proposte di vario tipo (alcune pi\u00f9 ludiche, altre laboratoriali, altre pi\u00f9 riflessive) per<br \/>\napprofondire il tema del capitolo e rapportarlo alla propria esperienza, con alcune domande per la rilettura<br \/>\nLA PREGHIERA &#8211; Proposte e forme differenti, una molteplicit\u00e0 di modi per pregare e per conoscere le<br \/>\ndiverse forme con cui la Chiesa si rivolge a Maria. Si tratta di preghiere legate alla tradizione, ma non per<br \/>\nquesto devo essere considerate stant\u00ece e superate: riscopriamone insieme la bellezza e l\u2019importanza.<br \/>\nPu\u00f2 essere utile fornire ai ragazzi all\u2019inizio del cammino un \u201cquaderno spirituale\u201d, un piccolo taccuino che<br \/>\ndiventer\u00e0 il loro diario di viaggio, su cui durante tutto l\u2019anno appunteranno riflessioni, domande, preghiere.<br \/>\nIn appendice sono presenti due sezioni ulteriori. La prima \u00e8 una raccolta di alcuni materiali extra, testi e<br \/>\nvideo generici e legati al tema di ogni capitolo. La seconda riporta un elenco di alcuni santuari mariani<br \/>\npresenti nella nostra diocesi di Lodi, con alcune informazioni ed indicazioni utili per organizzare dei brevi<br \/>\ncammini con i ragazzi per raggiungerli. La versione completa \u00e8 scaricabile dal sito dell\u2019Upg. A partire da ci\u00f2<br \/>\nche c\u2019\u00e8 in questo sussidio, gli educatori potranno costruire un itinerario adatto al loro gruppo adolescenti,<br \/>\nscegliendo le sezioni e i contenuti che ritengono pi\u00f9 opportuni. Maria, madre di Ges\u00f9 e vivente nella Gloria<br \/>\nnel Cielo, \u00e8 vissuta a Nazaret duemila anni fa, ma \u00e8 sempre in mezzo a noi, anche oggi!<br \/>\nUna copia gratuita del sussidio \u201cS\u00ec\u201d sar\u00e0 disponibile dal 15 settembre presso l\u2019Upg. Si possono acquistare<br \/>\naltre copie a 5\u20ac cad.<\/p>\n","protected":false},"excerpt":{"rendered":"<p>\u201cQualsiasi cosa vi dica, fatela\u201d (Gv 2,5) \u00e8 l\u2019espressione con cui Maria si rivolge ai servitori alle nozze di Cana. Lei per prima si era fidata, dicendo il suo S\u00ec a Dio, e adesso invita altri a fare lo stesso, mettendo la loro vita nelle mani di suo Figlio: non importa quanto le richieste di [&hellip;]<\/p>\n","protected":false},"author":0,"featured_media":1934,"comment_status":"closed","ping_status":"closed","sticky":false,"template":"","format":"standard","meta":{"_acf_changed":false,"ip_address":"","user_agent":"","level":"","revision":"","cookie_id":"","page_referer":"","html_form":"","footnotes":""},"categories":[177],"tags":[197,214,213],"class_list":["post-1928","post","type-post","status-publish","format-standard","has-post-thumbnail","hentry","category-prima","tag-adolescenti","tag-cammino","tag-sussidio-adolescenti"],"acf":[],"yoast_head":"<!-- This site is optimized with the Yoast SEO plugin v22.3 - https:\/\/yoast.com\/wordpress\/plugins\/seo\/ -->\n<title>Sussidio per il cammino degli adolescenti - Pastorale Giovanile<\/title>\n<meta name=\"description\" content=\"Un nuovo anno pastorale \u00e8 alle porte, e viene qui inaugurato con il nuovo sussidio per il cammino degli adolescenti\" \/>\n<meta name=\"robots\" content=\"index, follow, max-snippet:-1, max-image-preview:large, max-video-preview:-1\" \/>\n<link rel=\"canonical\" href=\"https:\/\/www.diocesi.lodi.it\/giovani\/2026\/09\/06\/sussidio-per-il-cammino-degli-adolescenti\/\" \/>\n<meta property=\"og:locale\" content=\"it_IT\" \/>\n<meta property=\"og:type\" content=\"article\" \/>\n<meta property=\"og:title\" content=\"Sussidio per il cammino degli adolescenti - Pastorale Giovanile\" \/>\n<meta property=\"og:description\" content=\"Un nuovo anno pastorale \u00e8 alle porte, e viene qui inaugurato con il nuovo sussidio per il cammino degli adolescenti\" \/>\n<meta property=\"og:url\" content=\"https:\/\/www.diocesi.lodi.it\/giovani\/2026\/09\/06\/sussidio-per-il-cammino-degli-adolescenti\/\" \/>\n<meta property=\"og:site_name\" content=\"Pastorale Giovanile\" \/>\n<meta property=\"article:published_time\" content=\"2026-09-06T13:35:52+00:00\" \/>\n<meta property=\"og:image\" content=\"https:\/\/www.diocesi.lodi.it\/giovani\/wp-content\/uploads\/sites\/16\/2026\/09\/copertina.png\" \/>\n\t<meta property=\"og:image:width\" content=\"1426\" \/>\n\t<meta property=\"og:image:height\" content=\"2000\" \/>\n\t<meta property=\"og:image:type\" content=\"image\/png\" \/>\n<meta name=\"author\" content=\"sitoupglodi\" \/>\n<meta name=\"twitter:card\" content=\"summary_large_image\" \/>\n<meta name=\"twitter:label1\" content=\"Scritto da\" \/>\n\t<meta name=\"twitter:data1\" content=\"\" \/>\n\t<meta name=\"twitter:label2\" content=\"Tempo di lettura stimato\" \/>\n\t<meta name=\"twitter:data2\" content=\"4 minuti\" \/>\n<script type=\"application\/ld+json\" class=\"yoast-schema-graph\">{\"@context\":\"https:\/\/schema.org\",\"@graph\":[{\"@type\":\"Article\",\"@id\":\"https:\/\/www.diocesi.lodi.it\/giovani\/2026\/09\/06\/sussidio-per-il-cammino-degli-adolescenti\/#article\",\"isPartOf\":{\"@id\":\"https:\/\/www.diocesi.lodi.it\/giovani\/2026\/09\/06\/sussidio-per-il-cammino-degli-adolescenti\/\"},\"author\":{\"name\":\"sitoupglodi\",\"@id\":\"https:\/\/www.diocesi.lodi.it\/giovani\/#\/schema\/person\/af766b1fc1c63efc7d88dddc085ef61c\"},\"headline\":\"Sussidio per il cammino degli adolescenti\",\"datePublished\":\"2026-09-06T13:35:52+00:00\",\"dateModified\":\"2026-09-06T13:35:52+00:00\",\"mainEntityOfPage\":{\"@id\":\"https:\/\/www.diocesi.lodi.it\/giovani\/2026\/09\/06\/sussidio-per-il-cammino-degli-adolescenti\/\"},\"wordCount\":672,\"publisher\":{\"@id\":\"https:\/\/www.diocesi.lodi.it\/giovani\/#organization\"},\"image\":{\"@id\":\"https:\/\/www.diocesi.lodi.it\/giovani\/2026\/09\/06\/sussidio-per-il-cammino-degli-adolescenti\/#primaryimage\"},\"thumbnailUrl\":\"https:\/\/www.diocesi.lodi.it\/giovani\/wp-content\/uploads\/sites\/16\/2026\/09\/copertina.png\",\"keywords\":[\"adolescenti\",\"cammino\",\"sussidio adolescenti\"],\"articleSection\":[\"Prima\"],\"inLanguage\":\"it-IT\"},{\"@type\":\"WebPage\",\"@id\":\"https:\/\/www.diocesi.lodi.it\/giovani\/2026\/09\/06\/sussidio-per-il-cammino-degli-adolescenti\/\",\"url\":\"https:\/\/www.diocesi.lodi.it\/giovani\/2026\/09\/06\/sussidio-per-il-cammino-degli-adolescenti\/\",\"name\":\"Sussidio per il cammino degli adolescenti - Pastorale Giovanile\",\"isPartOf\":{\"@id\":\"https:\/\/www.diocesi.lodi.it\/giovani\/#website\"},\"primaryImageOfPage\":{\"@id\":\"https:\/\/www.diocesi.lodi.it\/giovani\/2026\/09\/06\/sussidio-per-il-cammino-degli-adolescenti\/#primaryimage\"},\"image\":{\"@id\":\"https:\/\/www.diocesi.lodi.it\/giovani\/2026\/09\/06\/sussidio-per-il-cammino-degli-adolescenti\/#primaryimage\"},\"thumbnailUrl\":\"https:\/\/www.diocesi.lodi.it\/giovani\/wp-content\/uploads\/sites\/16\/2026\/09\/copertina.png\",\"datePublished\":\"2026-09-06T13:35:52+00:00\",\"dateModified\":\"2026-09-06T13:35:52+00:00\",\"description\":\"Un nuovo anno pastorale \u00e8 alle porte, e viene qui inaugurato con il nuovo sussidio per il cammino degli adolescenti\",\"breadcrumb\":{\"@id\":\"https:\/\/www.diocesi.lodi.it\/giovani\/2026\/09\/06\/sussidio-per-il-cammino-degli-adolescenti\/#breadcrumb\"},\"inLanguage\":\"it-IT\",\"potentialAction\":[{\"@type\":\"ReadAction\",\"target\":[\"https:\/\/www.diocesi.lodi.it\/giovani\/2026\/09\/06\/sussidio-per-il-cammino-degli-adolescenti\/\"]}]},{\"@type\":\"ImageObject\",\"inLanguage\":\"it-IT\",\"@id\":\"https:\/\/www.diocesi.lodi.it\/giovani\/2026\/09\/06\/sussidio-per-il-cammino-degli-adolescenti\/#primaryimage\",\"url\":\"https:\/\/www.diocesi.lodi.it\/giovani\/wp-content\/uploads\/sites\/16\/2026\/09\/copertina.png\",\"contentUrl\":\"https:\/\/www.diocesi.lodi.it\/giovani\/wp-content\/uploads\/sites\/16\/2026\/09\/copertina.png\",\"width\":1426,\"height\":2000},{\"@type\":\"BreadcrumbList\",\"@id\":\"https:\/\/www.diocesi.lodi.it\/giovani\/2026\/09\/06\/sussidio-per-il-cammino-degli-adolescenti\/#breadcrumb\",\"itemListElement\":[{\"@type\":\"ListItem\",\"position\":1,\"name\":\"Home\",\"item\":\"https:\/\/www.diocesi.lodi.it\/giovani\/\"},{\"@type\":\"ListItem\",\"position\":2,\"name\":\"Sussidio per il cammino degli adolescenti\"}]},{\"@type\":\"WebSite\",\"@id\":\"https:\/\/www.diocesi.lodi.it\/giovani\/#website\",\"url\":\"https:\/\/www.diocesi.lodi.it\/giovani\/\",\"name\":\"Pastorale Giovanile\",\"description\":\"Diocesi di LODI\",\"publisher\":{\"@id\":\"https:\/\/www.diocesi.lodi.it\/giovani\/#organization\"},\"potentialAction\":[{\"@type\":\"SearchAction\",\"target\":{\"@type\":\"EntryPoint\",\"urlTemplate\":\"https:\/\/www.diocesi.lodi.it\/giovani\/?s={search_term_string}\"},\"query-input\":\"required name=search_term_string\"}],\"inLanguage\":\"it-IT\"},{\"@type\":\"Organization\",\"@id\":\"https:\/\/www.diocesi.lodi.it\/giovani\/#organization\",\"name\":\"Pastorale Giovanile\",\"url\":\"https:\/\/www.diocesi.lodi.it\/giovani\/\",\"logo\":{\"@type\":\"ImageObject\",\"inLanguage\":\"it-IT\",\"@id\":\"https:\/\/www.diocesi.lodi.it\/giovani\/#\/schema\/logo\/image\/\",\"url\":\"https:\/\/www.diocesi.lodi.it\/giovani\/wp-content\/uploads\/sites\/16\/2024\/01\/cropped-cropped-Logo-1.png\",\"contentUrl\":\"https:\/\/www.diocesi.lodi.it\/giovani\/wp-content\/uploads\/sites\/16\/2024\/01\/cropped-cropped-Logo-1.png\",\"width\":156,\"height\":175,\"caption\":\"Pastorale Giovanile\"},\"image\":{\"@id\":\"https:\/\/www.diocesi.lodi.it\/giovani\/#\/schema\/logo\/image\/\"}}]}<\/script>\n<!-- \/ Yoast SEO plugin. -->","yoast_head_json":{"title":"Sussidio per il cammino degli adolescenti - Pastorale Giovanile","description":"Un nuovo anno pastorale \u00e8 alle porte, e viene qui inaugurato con il nuovo sussidio per il cammino degli adolescenti","robots":{"index":"index","follow":"follow","max-snippet":"max-snippet:-1","max-image-preview":"max-image-preview:large","max-video-preview":"max-video-preview:-1"},"canonical":"https:\/\/www.diocesi.lodi.it\/giovani\/2026\/09\/06\/sussidio-per-il-cammino-degli-adolescenti\/","og_locale":"it_IT","og_type":"article","og_title":"Sussidio per il cammino degli adolescenti - Pastorale Giovanile","og_description":"Un nuovo anno pastorale \u00e8 alle porte, e viene qui inaugurato con il nuovo sussidio per il cammino degli adolescenti","og_url":"https:\/\/www.diocesi.lodi.it\/giovani\/2026\/09\/06\/sussidio-per-il-cammino-degli-adolescenti\/","og_site_name":"Pastorale Giovanile","article_published_time":"2026-09-06T13:35:52+00:00","og_image":[{"width":1426,"height":2000,"url":"https:\/\/www.diocesi.lodi.it\/giovani\/wp-content\/uploads\/sites\/16\/2026\/09\/copertina.png","type":"image\/png"}],"author":"sitoupglodi","twitter_card":"summary_large_image","twitter_misc":{"Scritto da":"","Tempo di lettura stimato":"4 minuti"},"schema":{"@context":"https:\/\/schema.org","@graph":[{"@type":"Article","@id":"https:\/\/www.diocesi.lodi.it\/giovani\/2026\/09\/06\/sussidio-per-il-cammino-degli-adolescenti\/#article","isPartOf":{"@id":"https:\/\/www.diocesi.lodi.it\/giovani\/2026\/09\/06\/sussidio-per-il-cammino-degli-adolescenti\/"},"author":{"name":"sitoupglodi","@id":"https:\/\/www.diocesi.lodi.it\/giovani\/#\/schema\/person\/af766b1fc1c63efc7d88dddc085ef61c"},"headline":"Sussidio per il cammino degli adolescenti","datePublished":"2026-09-06T13:35:52+00:00","dateModified":"2026-09-06T13:35:52+00:00","mainEntityOfPage":{"@id":"https:\/\/www.diocesi.lodi.it\/giovani\/2026\/09\/06\/sussidio-per-il-cammino-degli-adolescenti\/"},"wordCount":672,"publisher":{"@id":"https:\/\/www.diocesi.lodi.it\/giovani\/#organization"},"image":{"@id":"https:\/\/www.diocesi.lodi.it\/giovani\/2026\/09\/06\/sussidio-per-il-cammino-degli-adolescenti\/#primaryimage"},"thumbnailUrl":"https:\/\/www.diocesi.lodi.it\/giovani\/wp-content\/uploads\/sites\/16\/2026\/09\/copertina.png","keywords":["adolescenti","cammino","sussidio adolescenti"],"articleSection":["Prima"],"inLanguage":"it-IT"},{"@type":"WebPage","@id":"https:\/\/www.diocesi.lodi.it\/giovani\/2026\/09\/06\/sussidio-per-il-cammino-degli-adolescenti\/","url":"https:\/\/www.diocesi.lodi.it\/giovani\/2026\/09\/06\/sussidio-per-il-cammino-degli-adolescenti\/","name":"Sussidio per il cammino degli adolescenti - Pastorale Giovanile","isPartOf":{"@id":"https:\/\/www.diocesi.lodi.it\/giovani\/#website"},"primaryImageOfPage":{"@id":"https:\/\/www.diocesi.lodi.it\/giovani\/2026\/09\/06\/sussidio-per-il-cammino-degli-adolescenti\/#primaryimage"},"image":{"@id":"https:\/\/www.diocesi.lodi.it\/giovani\/2026\/09\/06\/sussidio-per-il-cammino-degli-adolescenti\/#primaryimage"},"thumbnailUrl":"https:\/\/www.diocesi.lodi.it\/giovani\/wp-content\/uploads\/sites\/16\/2026\/09\/copertina.png","datePublished":"2026-09-06T13:35:52+00:00","dateModified":"2026-09-06T13:35:52+00:00","description":"Un nuovo anno pastorale \u00e8 alle porte, e viene qui inaugurato con il nuovo sussidio per il cammino degli adolescenti","breadcrumb":{"@id":"https:\/\/www.diocesi.lodi.it\/giovani\/2026\/09\/06\/sussidio-per-il-cammino-degli-adolescenti\/#breadcrumb"},"inLanguage":"it-IT","potentialAction":[{"@type":"ReadAction","target":["https:\/\/www.diocesi.lodi.it\/giovani\/2026\/09\/06\/sussidio-per-il-cammino-degli-adolescenti\/"]}]},{"@type":"ImageObject","inLanguage":"it-IT","@id":"https:\/\/www.diocesi.lodi.it\/giovani\/2026\/09\/06\/sussidio-per-il-cammino-degli-adolescenti\/#primaryimage","url":"https:\/\/www.diocesi.lodi.it\/giovani\/wp-content\/uploads\/sites\/16\/2026\/09\/copertina.png","contentUrl":"https:\/\/www.diocesi.lodi.it\/giovani\/wp-content\/uploads\/sites\/16\/2026\/09\/copertina.png","width":1426,"height":2000},{"@type":"BreadcrumbList","@id":"https:\/\/www.diocesi.lodi.it\/giovani\/2026\/09\/06\/sussidio-per-il-cammino-degli-adolescenti\/#breadcrumb","itemListElement":[{"@type":"ListItem","position":1,"name":"Home","item":"https:\/\/www.diocesi.lodi.it\/giovani\/"},{"@type":"ListItem","position":2,"name":"Sussidio per il cammino degli adolescenti"}]},{"@type":"WebSite","@id":"https:\/\/www.diocesi.lodi.it\/giovani\/#website","url":"https:\/\/www.diocesi.lodi.it\/giovani\/","name":"Pastorale Giovanile","description":"Diocesi di LODI","publisher":{"@id":"https:\/\/www.diocesi.lodi.it\/giovani\/#organization"},"potentialAction":[{"@type":"SearchAction","target":{"@type":"EntryPoint","urlTemplate":"https:\/\/www.diocesi.lodi.it\/giovani\/?s={search_term_string}"},"query-input":"required name=search_term_string"}],"inLanguage":"it-IT"},{"@type":"Organization","@id":"https:\/\/www.diocesi.lodi.it\/giovani\/#organization","name":"Pastorale Giovanile","url":"https:\/\/www.diocesi.lodi.it\/giovani\/","logo":{"@type":"ImageObject","inLanguage":"it-IT","@id":"https:\/\/www.diocesi.lodi.it\/giovani\/#\/schema\/logo\/image\/","url":"https:\/\/www.diocesi.lodi.it\/giovani\/wp-content\/uploads\/sites\/16\/2024\/01\/cropped-cropped-Logo-1.png","contentUrl":"https:\/\/www.diocesi.lodi.it\/giovani\/wp-content\/uploads\/sites\/16\/2024\/01\/cropped-cropped-Logo-1.png","width":156,"height":175,"caption":"Pastorale Giovanile"},"image":{"@id":"https:\/\/www.diocesi.lodi.it\/giovani\/#\/schema\/logo\/image\/"}}]}},"_links":{"self":[{"href":"https:\/\/www.diocesi.lodi.it\/giovani\/wp-json\/wp\/v2\/posts\/1928","targetHints":{"allow":["GET"]}}],"collection":[{"href":"https:\/\/www.diocesi.lodi.it\/giovani\/wp-json\/wp\/v2\/posts"}],"about":[{"href":"https:\/\/www.diocesi.lodi.it\/giovani\/wp-json\/wp\/v2\/types\/post"}],"author":[{"embeddable":true,"href":"https:\/\/www.diocesi.lodi.it\/giovani\/wp-json\/wp\/v2\/users\/33"}],"replies":[{"embeddable":true,"href":"https:\/\/www.diocesi.lodi.it\/giovani\/wp-json\/wp\/v2\/comments?post=1928"}],"version-history":[{"count":2,"href":"https:\/\/www.diocesi.lodi.it\/giovani\/wp-json\/wp\/v2\/posts\/1928\/revisions"}],"predecessor-version":[{"id":1937,"href":"https:\/\/www.diocesi.lodi.it\/giovani\/wp-json\/wp\/v2\/posts\/1928\/revisions\/1937"}],"wp:featuredmedia":[{"embeddable":true,"href":"https:\/\/www.diocesi.lodi.it\/giovani\/wp-json\/wp\/v2\/media\/1934"}],"wp:attachment":[{"href":"https:\/\/www.diocesi.lodi.it\/giovani\/wp-json\/wp\/v2\/media?parent=1928"}],"wp:term":[{"taxonomy":"category","embeddable":true,"href":"https:\/\/www.diocesi.lodi.it\/giovani\/wp-json\/wp\/v2\/categories?post=1928"},{"taxonomy":"post_tag","embeddable":true,"href":"https:\/\/www.diocesi.lodi.it\/giovani\/wp-json\/wp\/v2\/tags?post=1928"}],"curies":[{"name":"wp","href":"https:\/\/api.w.org\/{rel}","templated":true}]}}