{"id":3135,"date":"2025-09-02T11:52:45","date_gmt":"2025-09-02T09:52:45","guid":{"rendered":"https:\/\/www.diocesi.lodi.it\/pellegrinaggi\/?p=3135"},"modified":"2026-04-13T11:25:24","modified_gmt":"2026-04-13T09:25:24","slug":"marocco-paesaggi-cultura-e-atmosfera","status":"publish","type":"post","link":"https:\/\/www.diocesi.lodi.it\/pellegrinaggi\/marocco-paesaggi-cultura-e-atmosfera\/","title":{"rendered":"MAROCCO: Paesaggi, Cultura e Atmosfera"},"content":{"rendered":"<p>13 \u2013 21 Marzo 2026<\/p>\n<p>Viaggio di gruppo con accompagnatore Diocesano<\/p>\n<p><span style=\"color: #ff0000\">Operativo voli<\/span><\/p>\n<p>AT 955 13MAR MXP CMN 1205 1510<br \/>\nAT 950 21MAR CMN MXP 1300 1605<\/p>\n<p>Voli di linea Royal Air Maroc<br \/>\n1 bagaglio da stiva da 23kg + trolley a mano 8kg inclusi<\/p>\n<p style=\"text-align: center\"><strong><span style=\"color: #ff0000\">NOTA BENE: NECESSARIO PASSAPORTO CON 6 MESI DI VALIDITA\u2019 RESIDUA<\/span><\/strong><\/p>\n<p>&nbsp;<\/p>\n<p style=\"text-align: right\"><a href=\"https:\/\/www.diocesi.lodi.it\/pellegrinaggi\/wp-content\/uploads\/sites\/9\/2025\/09\/MAROCCO.pdf\" target=\"_blank\" rel=\"noopener\">scarica il programma in pdf<\/a><\/p>\n<p><span style=\"color: #ff0000\">Programma di viaggio:<\/span><\/p>\n<ul>\n<li><strong>13 marzo 2026: Casablanca<\/strong><\/li>\n<\/ul>\n<p>Il viaggio inizia con la partenza dall&#8217;aeroporto di Milano Malpensa e l&#8217;arrivo a Casablanca nel pomeriggio. L\u00ec incontreremo la guida che ci accompagner\u00e0 nei prossimi giorni e ci dirigeremo verso l&#8217;hotel per il check-in e un po&#8217; di riposo. Alle 17:00 inizieremo il nostro tour della citt\u00e0 di Casablanca, uno dei centri economici del Marocco, dove le infrastrutture moderne si fondono con quartieri affascinanti che riflettono un mix di stili arabo-musulmani e di epoca coloniale. Al termine della visita, rientreremo in hotel per la cena e il pernottamento.<\/p>\n<ul>\n<li><strong>14 marzo 2026: Casablanca \/ Rabat \/ Tangeri<\/strong><\/li>\n<\/ul>\n<p>Dopo la colazione in hotel, ci dirigeremo verso la famosa Moschea di Hassan II, un capolavoro architettonico costruito sul mare che ci lascer\u00e0 senza fiato. Ci sposteremo poi a Rabat, una citt\u00e0 che racchiude la ricca storia del Marocco. Un&#8217;esperienza davvero indimenticabile ci aspetta mentre visitiamo la Kasbah degli Udayas, un maestoso esempio di architettura incorniciato da splendidi giardini. Non lontano dalle mura, ammireremo le imponenti rovine di Chellah, una necropoli di epoca merinide. Passeggiando tra antichi resti, giardini e persino incontrando qualche volpe, ci sentiremo trasportati in un&#8217;altra epoca. Dopo aver visitato Rabat, proseguiremo per Tangeri. All&#8217;arrivo, esploreremo la Kasbah, il quartiere pi\u00f9 antico della citt\u00e0, e ci immergeremo nella sua atmosfera senza tempo. Qui, la gente del posto fa la spesa, si taglia i capelli dai barbieri e compra olive, focacce e mandarini al mercato. Concluderemo la giornata con una cena deliziosa e confortante prima di passare la notte in hotel.<\/p>\n<ul>\n<li><strong>15 marzo 2026: Tangeri \/ Chefchaouen \/ Fez<\/strong><\/li>\n<\/ul>\n<p>Dopo una gustosa colazione in hotel, partiremo alla volta di Chefchaouen, una citt\u00e0 dall&#8217;identit\u00e0 unica che affascina i viaggiatori con la sua atmosfera onirica. Le facciate delle case sono dipinte nei toni del blu e del bianco, dando all&#8217;intera citt\u00e0 l&#8217;aspetto di essere immersa nel cielo. Anche se piccola, la Medina \u00e8 autentica e passeggiare per i suoi vicoli \u00e8 un ottimo modo per socializzare con la gente del posto e respirare i profumi tipici, come il pane appena sfornato e le tajine sapientemente cucinate. La Kasbah, situata nel cuore della citt\u00e0 vecchia, offre giardini lussureggianti che fungono da oasi rinfrescante tra le strade blu. Quando il sole tramonta e i suoi raggi non raggiungono pi\u00f9 le mura della Medina, i toni blu della citt\u00e0 assumono una qualit\u00e0 surreale, creando un&#8217;atmosfera unica in cui la Kasbah di Chefchaouen si staglia magnificamente. Circondato da giardini, si fonde perfettamente con le tonalit\u00e0 del blu e del verde, offrendo un&#8217;esperienza rilassante e rinfrescante all&#8217;interno della citt\u00e0.<br \/>\nDopo pranzo, continueremo il nostro viaggio verso Fez.<\/p>\n<ul>\n<li><strong>16 marzo 2026: Fez<\/strong><\/li>\n<\/ul>\n<p>Inizieremo la giornata con una deliziosa colazione presso il nostro Hotel, pronti per una visita guidata della storica citt\u00e0 imperiale di Fez.Il Marocco \u00e8 un paese ricco di storia e Fez \u00e8 una delle citt\u00e0 che incarna veramente la sua bellezza. Dopo aver gustato l&#8217;aroma del t\u00e8 verde, ci dirigeremo verso una fortezza in cima a una collina che offre viste panoramiche sulla citt\u00e0 murata. Nel frattempo, la Medina prende vita, con gli artigiani che espongono i loro mestieri. La nostra visita va oltre lo shopping: ci riporta indietro nel tempo per esplorare le abilit\u00e0 e i mestieri dei nostri antenati. I negozianti ci invitano a toccare i tessuti, i calzolai lavorano su pantofole fatte a mano e l&#8217;aria si riempie del profumo delle spezie colorate.<br \/>\nPasseggiando per gli stretti vicoli labirintici, raggiungeremo la magnifica Madrasa Bou Inania, una scuola teologica del XIV secolo. Questo gioiello architettonico mette in mostra la bellezza dell&#8217;arte islamica e del design geometrico, con legno di cedro finemente intagliato, colonne di marmo e piastrelle vivaci che ricoprono ogni centimetro dell&#8217;edificio.<br \/>\nDopo una breve passeggiata nella parte moderna di Fez, conosciuta come Fes El Jedid, torneremo al nostro Riad per rilassarci. Ci godremo una deliziosa cena e trascorreremo la notte nel nostro accogliente Hotel.<\/p>\n<ul>\n<li><strong>17 marzo 2026: Fez \u2013 Deserto di Erfoud \/ Merzouga<\/strong><\/li>\n<\/ul>\n<p>Dopo una deliziosa colazione al Riad, ci prepareremo a lasciare Fez e a dirigerci verso paesaggi e climi molto diversi. Il nostro viaggio inizia attraverso gli uliveti sulla strada per Ifrane, una localit\u00e0 sciistica dove chalet e ristoranti si trovano immersi nella neve. L&#8217;architettura qui \u00e8 influenzata dalle Alpi svizzere e tedesche, creando un contrasto sorprendente con il resto del Marocco, in particolare con le regioni desertiche.<br \/>\nProseguendo, viaggeremo attraverso foreste di cedri, pini e querce, tra cui il famoso cedro marocchino.<br \/>\nSeguendo la gola dello Ziz, vedremo le palme creare un incredibile contrasto con il paesaggio innevato di Ifrane. Il fiume Ziz scorre dalle montagne dell&#8217;Atlante attraverso il villaggio di Rich, nutrendo i vasti palmeti della regione di Tafilalet, prima di scomparire nelle sabbie oltre Merzouga, nel villaggio di Taouz.<br \/>\nAttraversando le gole, contempleremo le scogliere rosse, il lago color smeraldo di Hassan Addakhil, le verdeggianti rive del fiume fiancheggiate da palme da dattero e, infine, le prime dune sahariane di Merzouga. Il paesaggio \u00e8 assolutamente mozzafiato.<br \/>\nDopo aver pranzato a Erfoud, raggiungeremo il nostro accampamento beduino nel deserto. Il silenzio di questo luogo maestoso \u00e8 immediatamente accattivante. Il deserto \u00e8 etereo e vasto, con un potere pacifico che invita all&#8217;introspezione.<br \/>\nSe scegli di unirti al giro in cammello al tramonto, assisterai a un momento di pura bellezza. Mentre il tramonto \u00e8 solo un evento quotidiano altrove, qui diventa qualcosa di magico, poich\u00e9 un baldacchino infinito di stelle illumina il cielo notturno, creando un&#8217;atmosfera indimenticabile.<br \/>\nDopo questa straordinaria esperienza, ci godremo una cena tradizionale nel campo tendato e trascorreremo la notte sotto le stelle del deserto in un campo di lusso.<\/p>\n<ul>\n<li><strong>18 marzo 2026: Merzouga \u2013 Erfoud \u2013 Tinghir \u2013 Ouarzazate<\/strong><\/li>\n<\/ul>\n<p>Dopo una deliziosa colazione tradizionale, ci dirigeremo verso Ouarzazate e, lungo il percorso, il paesaggio passer\u00e0 gradualmente da ondulate dune di sabbia a maestose cime montuose che raggiungono quasi i 3.800 metri. Sulla strada, attraverseremo l&#8217;impressionante gola del Todra, dove pareti rocciose a strapiombo si innalzano fino a 200 metri e cambiano colore a seconda della luce del sole. L&#8217;aroma a cottura lenta delle tajine proviene dalle case locali e il suono dell&#8217;acqua che scorre impetuosa alla base della gola ci accompagna. A seconda della stagione, potremmo anche vedere la gente del posto raccogliere rose lungo il ciglio della strada, utilizzate per produrre acqua di rose, crema di rose e olio di rose.<br \/>\nDopo una breve sosta per il pranzo a Tinghir, proseguiremo per Ouarzazate, una citt\u00e0 berbera nota per il suo ruolo nel cinema internazionale. Molti film famosi, come Il Gladiatore e Lawrence d&#8217;Arabia, sono stati girati qui. All&#8217;arrivo in hotel, avrai tempo per rilassarti e riposare prima di goderti la cena e il pernottamento.<\/p>\n<ul>\n<li><strong>19 marzo 2026: Ouarzazate \u2013 Marrakech<\/strong><\/li>\n<\/ul>\n<p>Dopo una deliziosa colazione tradizionale, partiremo alla volta di uno dei monumenti pi\u00f9 affascinanti del Marocco: la Kasbah di Ait Ben Haddou, risalente all&#8217;XI secolo. Questo capolavoro architettonico appare congelato nel tempo, con un labirinto di scale che cambiano di tonalit\u00e0 dal rosso all&#8217;arancione a seconda della posizione del sole. Esplora le rovine della fortezza e goditi la vista panoramica sul palmeto circostante.<br \/>\nSuccessivamente, continueremo il nostro viaggio verso Marrakech, conosciuta come la &#8220;Citt\u00e0 Rossa&#8221; per il caratteristico colore ocra dei suoi edifici. La citt\u00e0 \u00e8 divisa tra l&#8217;antica Medina e i quartieri moderni, separati da antiche porte e mura fortificate. Qui, suoni, colori e profumi si fondono in un&#8217;esperienza coinvolgente che risveglier\u00e0 la vostra curiosit\u00e0 e voglia di scoprire di pi\u00f9 su questo luogo incantevole.<br \/>\nAll&#8217;arrivo in hotel, avrai tempo per rilassarti e prepararti per altre avventure marocchine. Cena e pernottamento.<\/p>\n<ul>\n<li><strong>20 marzo 2026: Marrakech<\/strong><\/li>\n<\/ul>\n<p>Dopo una deliziosa colazione, inizieremo la nostra visita guidata di Marrakech, una citt\u00e0 che incarna perfettamente la cultura vibrante e dinamica per cui il Marocco \u00e8 famoso. Seguendo la nostra guida, passeggeremo per strade affascinanti, sotto antichi archi in pietra e tra i magnifici giardini che definiscono questa citt\u00e0 unica.<br \/>\nUno dei momenti salienti della mattinata sar\u00e0 il Palazzo Bahia, un vero capolavoro dell&#8217;arte marocchina. Il tetto del palazzo \u00e8 rivestito di tegole verdi e le sue fontane sono circondate da intricati mosaici geometrici, creando un&#8217;atmosfera mozzafiato. Costruita nel XIX secolo, questa struttura \u00e8 un perfetto esempio della bellezza artistica del Marocco.<br \/>\nSuccessivamente, visiteremo il Palazzo El Badi, costruito nel XVI secolo e ora in rovina. Sebbene le sue decorazioni originali in cristallo e oro siano scomparse da tempo, la grandiosit\u00e0 dell&#8217;edificio lascia ancora una forte impressione. Ci dirigeremo poi verso il Giardino Majorelle, un&#8217;oasi di pace nel cuore della citt\u00e0. Sede di oltre 300 specie di piante, questo maestoso giardino offre un luogo di calma e serenit\u00e0, perfetto per sfuggire al trambusto della citt\u00e0 e godersi i profumi fragranti delle piante esotiche. Noterai anche l&#8217;imponente edificio in stile Art D\u00e9co moresco blu cobalto, un tempo studio del pittore Jacques Majorelle. Man mano che proseguiamo tra i vicoli ombreggiati, il profumo degli agrumi riempie l&#8217;aria. Nel pomeriggio, il tour prosegue per le strade della Medina. L&#8217;antica piazza del mercato \u00e8 un vibrante mosaico di spezie, tappeti fatti a mano, lampade e articoli in pelle, mentre la musica ritmata e le storie raccontate dai cantastorie locali ti incanteranno. Infine, assisterai ad acrobati e incantatori di serpenti che si esibiscono al ritmo della musica, creando una colonna sonora che sembra il battito cardiaco della citt\u00e0. Al termine della visita, torneremo in hotel, con del tempo libero per rilassarci e riflettere sulle meraviglie che abbiamo scoperto.<br \/>\nCena e pernottamento.<\/p>\n<ul>\n<li><strong>21 marzo 2026: Marrakech \/ Casablanca \/ Italia<\/strong><\/li>\n<\/ul>\n<p>Dopo la prima colazione, ci trasferiremo da Marrakech all&#8217;aeroporto di Casablanca per il volo di ritorno in Italia, concludendo questo indimenticabile viaggio attraverso il Marocco.<\/p>\n<p style=\"text-align: center\"><span style=\"color: #ff0000\">Quota a persona in camera doppia o tripla*: 1980\u20ac<\/span><br \/>\n<span style=\"color: #ff0000\">Supplemento singola: 190\u20ac<\/span><\/p>\n<p>*Segnaliamo che la camera tripla sar\u00e0 composta da un letto matrimoniale + poltrona letto aggiuntiva oppure letto singolo da 180cm<\/p>\n<p style=\"text-align: center\"><strong><span style=\"color: #ff0000\">NOTA BENE: NECESSARIO PASSAPORTO CON 6 MESI DI VALIDITA\u2019 RESIDUA<\/span><\/strong><\/p>\n<p>&nbsp;<\/p>\n<p>&nbsp;<\/p>\n<ul>\n<li><strong><span style=\"color: #000000\">LA QUOTA COMPRENDE:<\/span><\/strong><\/li>\n<\/ul>\n<p>\u25cf Voli di linea Royal Air Maroc, tasse e bagagli inclusi<br \/>\n\u25cf Trasporto in Bus di nuova generazione climatizzato<br \/>\n\u25cf Tutte le visite menzionate<br \/>\n\u25cf Guida in lingua italiana durante il tour specializzata<br \/>\n\u25cf Pernottamenti in hotels 4 stelle<br \/>\n\u25cf 1 pernottamento in Campo Tendato nel Deserto<br \/>\n\u25cf Trattamento di pensione completa dal primo pranzo all\u2019ultimo pranzo.<br \/>\n\u25cf Ingressi ai siti archeologici e musei<br \/>\n\u25cf Auricolari per le visite<br \/>\n\u25cf Tasse di soggiorno degli hotels<br \/>\n\u25cf Mance<br \/>\n\u25cf Accompagnatore Diocesano<br \/>\n\u25cf Guida cartacea sulla destinazione (1 per camera)<br \/>\n\u25cf Zainetto o tracolla da viaggio<br \/>\n\u25cf Assicurazione sanitaria di viaggio, massimale a 30.000\u20ac a persona<\/p>\n<ul>\n<li><strong><span style=\"color: #000000\">LA QUOTA NON COMPRENDE:<\/span><\/strong><\/li>\n<\/ul>\n<p>\u25cf Bevande durante i pasti, pagamento in loco<br \/>\n\u25cf Extras non menzionati<br \/>\n\u25cf Assicurazione facoltativa annullamento 100\u20ac a persona per motivi certificabili*<\/p>\n<ul>\n<li><strong><em><span style=\"color: #ff0000\">POLICY e PENALI IN CASO DI ANNULLAMENTO DAL MOMENTO DELLA CONFERMA:<\/span><\/em><\/strong><\/li>\n<\/ul>\n<p><em>\u2022 Dalla conferma al 14 Novembre 2025 600\u20ac<\/em><br \/>\n<em>\u2022 Dal 15 Nov al 14 Dic 50% della quota<\/em><br \/>\n<em>\u2022 Dal 15 Dic al 13Gen 26 80% della quota<\/em><br \/>\n<em>\u2022 Dal 14 Gen26 al giorno della partenza 100% della quota<\/em><\/p>\n<p><em>Le penali sono rimborsabili esclusivamente mediante la stipula dell\u2019assicurazione annullamento e dell\u2019apertura del sinistro. Il sinistro verr\u00e0 liquidato dalla compagnia assicurativa a seguito della valutazione dei documenti inviati. Il costo della polizza assicurativa non \u00e8 in alcun modo e momento rimborsabile.<\/em><\/p>\n<p>&nbsp;<\/p>\n<ul>\n<li><strong><span style=\"color: #ff0000\">INFO PER ISCRIZIONE<\/span><\/strong><\/li>\n<\/ul>\n<p>Per procedere con l\u2019iscrizione, inviare una mail a GRUPPI@BOARDINGPASS.IT indicando :<\/p>\n<p>\u2022 Cognome e nome di tutti i partecipanti<br \/>\n\u2022 Tipologia di camera (singola, doppia, tripla)<br \/>\n\u2022 Richieste o segnalazioni<br \/>\n\u2022 Indirizzo di residenza<br \/>\n\u2022 Codice fiscale<br \/>\n\u2022 Telefono<br \/>\n\u2022 Email<br \/>\n\u2022 Assicurazione annullamento SI\/NO<br \/>\n\u2022 Copia del bonifico bancario di acconto<br \/>\n\u2022 Copia dei passaporti (se non ancora in possesso momentaneamente inviare carta identit\u00e0)<\/p>\n<p>&nbsp;<\/p>\n<ul>\n<li><strong><span style=\"color: #ff0000\">CAPARRA CONFIRMATORIA<\/span><\/strong><\/li>\n<\/ul>\n<p>\u20ac 600 + assicurazione annullamento<\/p>\n<p>Beneficiario Mar Mar Srl<br \/>\nIBAN IT13Q0306909425100000003907<br \/>\nCAUSALE Iscrizione gruppo MAROCCO 13.03.2025<\/p>\n<p>&nbsp;<\/p>\n<p style=\"text-align: center\"><em><span style=\"color: #ff0000\">Organizzazione tecnica:<\/span><\/em><\/p>\n<p style=\"text-align: center\"><em>Agenzia Paullum Viaggi<\/em><br \/>\n<em>Via Matteotti 23, 20067 Paull<\/em><br \/>\n<em>Tel. 02 90632303 <\/em><br \/>\n<em>www.boardingpass.it<\/em><\/p>\n","protected":false},"excerpt":{"rendered":"<p>13 \u2013 21 Marzo 2026 Viaggio di gruppo con accompagnatore Diocesano Operativo voli AT 955 13MAR MXP CMN 1205 1510 AT 950 21MAR CMN MXP 1300 1605 Voli di linea Royal Air Maroc 1 bagaglio da stiva da 23kg + trolley a mano 8kg inclusi NOTA BENE: NECESSARIO PASSAPORTO CON 6 MESI DI VALIDITA\u2019 RESIDUA [&hellip;]<\/p>\n","protected":false},"author":0,"featured_media":3137,"comment_status":"closed","ping_status":"closed","sticky":false,"template":"","format":"standard","meta":{"_acf_changed":false,"ip_address":"","user_agent":"","level":"","revision":"","cookie_id":"","page_referer":"","html_form":"","footnotes":""},"categories":[199,185,6],"tags":[],"acf":[],"yoast_head":"<!-- This site is optimized with the Yoast SEO plugin v22.3 - https:\/\/yoast.com\/wordpress\/plugins\/seo\/ -->\n<title>MAROCCO: Paesaggi, Cultura e Atmosfera - Ufficio Pellegrinaggi<\/title>\n<meta name=\"robots\" content=\"index, follow, max-snippet:-1, max-image-preview:large, max-video-preview:-1\" \/>\n<link rel=\"canonical\" href=\"https:\/\/www.diocesi.lodi.it\/pellegrinaggi\/marocco-paesaggi-cultura-e-atmosfera\/\" \/>\n<meta property=\"og:locale\" content=\"it_IT\" \/>\n<meta property=\"og:type\" content=\"article\" \/>\n<meta property=\"og:title\" content=\"MAROCCO: Paesaggi, Cultura e Atmosfera - Ufficio Pellegrinaggi\" \/>\n<meta property=\"og:description\" content=\"13 \u2013 21 Marzo 2026 Viaggio di gruppo con accompagnatore Diocesano Operativo voli AT 955 13MAR MXP CMN 1205 1510 AT 950 21MAR CMN MXP 1300 1605 Voli di linea Royal Air Maroc 1 bagaglio da stiva da 23kg + trolley a mano 8kg inclusi NOTA BENE: NECESSARIO PASSAPORTO CON 6 MESI DI VALIDITA\u2019 RESIDUA [&hellip;]\" \/>\n<meta property=\"og:url\" content=\"https:\/\/www.diocesi.lodi.it\/pellegrinaggi\/marocco-paesaggi-cultura-e-atmosfera\/\" \/>\n<meta property=\"og:site_name\" content=\"Ufficio Pellegrinaggi\" \/>\n<meta property=\"article:published_time\" content=\"2025-09-02T09:52:45+00:00\" \/>\n<meta property=\"article:modified_time\" content=\"2026-04-13T09:25:24+00:00\" \/>\n<meta property=\"og:image\" content=\"https:\/\/www.diocesi.lodi.it\/pellegrinaggi\/wp-content\/uploads\/sites\/9\/2025\/09\/morocco-4030733_1280.jpg\" \/>\n\t<meta property=\"og:image:width\" content=\"1280\" \/>\n\t<meta property=\"og:image:height\" content=\"854\" \/>\n\t<meta property=\"og:image:type\" content=\"image\/jpeg\" \/>\n<meta name=\"author\" content=\"rancati\" \/>\n<meta name=\"twitter:card\" content=\"summary_large_image\" \/>\n<meta name=\"twitter:label1\" content=\"Scritto da\" \/>\n\t<meta name=\"twitter:data1\" content=\"\" \/>\n\t<meta name=\"twitter:label2\" content=\"Tempo di lettura stimato\" \/>\n\t<meta name=\"twitter:data2\" content=\"11 minuti\" \/>\n<script type=\"application\/ld+json\" class=\"yoast-schema-graph\">{\"@context\":\"https:\/\/schema.org\",\"@graph\":[{\"@type\":\"Article\",\"@id\":\"https:\/\/www.diocesi.lodi.it\/pellegrinaggi\/marocco-paesaggi-cultura-e-atmosfera\/#article\",\"isPartOf\":{\"@id\":\"https:\/\/www.diocesi.lodi.it\/pellegrinaggi\/marocco-paesaggi-cultura-e-atmosfera\/\"},\"author\":{\"name\":\"rancati\",\"@id\":\"https:\/\/www.diocesi.lodi.it\/pellegrinaggi\/#\/schema\/person\/bee079aceec64ddcc299de71e1de1ff0\"},\"headline\":\"MAROCCO: Paesaggi, Cultura e Atmosfera\",\"datePublished\":\"2025-09-02T09:52:45+00:00\",\"dateModified\":\"2026-04-13T09:25:24+00:00\",\"mainEntityOfPage\":{\"@id\":\"https:\/\/www.diocesi.lodi.it\/pellegrinaggi\/marocco-paesaggi-cultura-e-atmosfera\/\"},\"wordCount\":1960,\"publisher\":{\"@id\":\"https:\/\/www.diocesi.lodi.it\/pellegrinaggi\/#organization\"},\"image\":{\"@id\":\"https:\/\/www.diocesi.lodi.it\/pellegrinaggi\/marocco-paesaggi-cultura-e-atmosfera\/#primaryimage\"},\"thumbnailUrl\":\"https:\/\/www.diocesi.lodi.it\/pellegrinaggi\/wp-content\/uploads\/sites\/9\/2025\/09\/morocco-4030733_1280.jpg\",\"articleSection\":[\"Dove siamo stati\",\"IdeeViaggio - Culturali\",\"Viaggi culturali\"],\"inLanguage\":\"it-IT\"},{\"@type\":\"WebPage\",\"@id\":\"https:\/\/www.diocesi.lodi.it\/pellegrinaggi\/marocco-paesaggi-cultura-e-atmosfera\/\",\"url\":\"https:\/\/www.diocesi.lodi.it\/pellegrinaggi\/marocco-paesaggi-cultura-e-atmosfera\/\",\"name\":\"MAROCCO: Paesaggi, Cultura e Atmosfera - Ufficio Pellegrinaggi\",\"isPartOf\":{\"@id\":\"https:\/\/www.diocesi.lodi.it\/pellegrinaggi\/#website\"},\"primaryImageOfPage\":{\"@id\":\"https:\/\/www.diocesi.lodi.it\/pellegrinaggi\/marocco-paesaggi-cultura-e-atmosfera\/#primaryimage\"},\"image\":{\"@id\":\"https:\/\/www.diocesi.lodi.it\/pellegrinaggi\/marocco-paesaggi-cultura-e-atmosfera\/#primaryimage\"},\"thumbnailUrl\":\"https:\/\/www.diocesi.lodi.it\/pellegrinaggi\/wp-content\/uploads\/sites\/9\/2025\/09\/morocco-4030733_1280.jpg\",\"datePublished\":\"2025-09-02T09:52:45+00:00\",\"dateModified\":\"2026-04-13T09:25:24+00:00\",\"breadcrumb\":{\"@id\":\"https:\/\/www.diocesi.lodi.it\/pellegrinaggi\/marocco-paesaggi-cultura-e-atmosfera\/#breadcrumb\"},\"inLanguage\":\"it-IT\",\"potentialAction\":[{\"@type\":\"ReadAction\",\"target\":[\"https:\/\/www.diocesi.lodi.it\/pellegrinaggi\/marocco-paesaggi-cultura-e-atmosfera\/\"]}]},{\"@type\":\"ImageObject\",\"inLanguage\":\"it-IT\",\"@id\":\"https:\/\/www.diocesi.lodi.it\/pellegrinaggi\/marocco-paesaggi-cultura-e-atmosfera\/#primaryimage\",\"url\":\"https:\/\/www.diocesi.lodi.it\/pellegrinaggi\/wp-content\/uploads\/sites\/9\/2025\/09\/morocco-4030733_1280.jpg\",\"contentUrl\":\"https:\/\/www.diocesi.lodi.it\/pellegrinaggi\/wp-content\/uploads\/sites\/9\/2025\/09\/morocco-4030733_1280.jpg\",\"width\":1280,\"height\":854},{\"@type\":\"BreadcrumbList\",\"@id\":\"https:\/\/www.diocesi.lodi.it\/pellegrinaggi\/marocco-paesaggi-cultura-e-atmosfera\/#breadcrumb\",\"itemListElement\":[{\"@type\":\"ListItem\",\"position\":1,\"name\":\"Home\",\"item\":\"https:\/\/www.diocesi.lodi.it\/pellegrinaggi\/\"},{\"@type\":\"ListItem\",\"position\":2,\"name\":\"MAROCCO: Paesaggi, Cultura e Atmosfera\"}]},{\"@type\":\"WebSite\",\"@id\":\"https:\/\/www.diocesi.lodi.it\/pellegrinaggi\/#website\",\"url\":\"https:\/\/www.diocesi.lodi.it\/pellegrinaggi\/\",\"name\":\"Ufficio Pellegrinaggi\",\"description\":\"Diocesi di Lodi\",\"publisher\":{\"@id\":\"https:\/\/www.diocesi.lodi.it\/pellegrinaggi\/#organization\"},\"potentialAction\":[{\"@type\":\"SearchAction\",\"target\":{\"@type\":\"EntryPoint\",\"urlTemplate\":\"https:\/\/www.diocesi.lodi.it\/pellegrinaggi\/?s={search_term_string}\"},\"query-input\":\"required name=search_term_string\"}],\"inLanguage\":\"it-IT\"},{\"@type\":\"Organization\",\"@id\":\"https:\/\/www.diocesi.lodi.it\/pellegrinaggi\/#organization\",\"name\":\"Ufficio Pellegrinaggi\",\"url\":\"https:\/\/www.diocesi.lodi.it\/pellegrinaggi\/\",\"logo\":{\"@type\":\"ImageObject\",\"inLanguage\":\"it-IT\",\"@id\":\"https:\/\/www.diocesi.lodi.it\/pellegrinaggi\/#\/schema\/logo\/image\/\",\"url\":\"https:\/\/www.diocesi.lodi.it\/pellegrinaggi\/wp-content\/uploads\/sites\/9\/2023\/10\/lodi-ico.png\",\"contentUrl\":\"https:\/\/www.diocesi.lodi.it\/pellegrinaggi\/wp-content\/uploads\/sites\/9\/2023\/10\/lodi-ico.png\",\"width\":191,\"height\":190,\"caption\":\"Ufficio Pellegrinaggi\"},\"image\":{\"@id\":\"https:\/\/www.diocesi.lodi.it\/pellegrinaggi\/#\/schema\/logo\/image\/\"}}]}<\/script>\n<!-- \/ Yoast SEO plugin. -->","yoast_head_json":{"title":"MAROCCO: Paesaggi, Cultura e Atmosfera - Ufficio Pellegrinaggi","robots":{"index":"index","follow":"follow","max-snippet":"max-snippet:-1","max-image-preview":"max-image-preview:large","max-video-preview":"max-video-preview:-1"},"canonical":"https:\/\/www.diocesi.lodi.it\/pellegrinaggi\/marocco-paesaggi-cultura-e-atmosfera\/","og_locale":"it_IT","og_type":"article","og_title":"MAROCCO: Paesaggi, Cultura e Atmosfera - Ufficio Pellegrinaggi","og_description":"13 \u2013 21 Marzo 2026 Viaggio di gruppo con accompagnatore Diocesano Operativo voli AT 955 13MAR MXP CMN 1205 1510 AT 950 21MAR CMN MXP 1300 1605 Voli di linea Royal Air Maroc 1 bagaglio da stiva da 23kg + trolley a mano 8kg inclusi NOTA BENE: NECESSARIO PASSAPORTO CON 6 MESI DI VALIDITA\u2019 RESIDUA [&hellip;]","og_url":"https:\/\/www.diocesi.lodi.it\/pellegrinaggi\/marocco-paesaggi-cultura-e-atmosfera\/","og_site_name":"Ufficio Pellegrinaggi","article_published_time":"2025-09-02T09:52:45+00:00","article_modified_time":"2026-04-13T09:25:24+00:00","og_image":[{"width":1280,"height":854,"url":"https:\/\/www.diocesi.lodi.it\/pellegrinaggi\/wp-content\/uploads\/sites\/9\/2025\/09\/morocco-4030733_1280.jpg","type":"image\/jpeg"}],"author":"rancati","twitter_card":"summary_large_image","twitter_misc":{"Scritto da":"","Tempo di lettura stimato":"11 minuti"},"schema":{"@context":"https:\/\/schema.org","@graph":[{"@type":"Article","@id":"https:\/\/www.diocesi.lodi.it\/pellegrinaggi\/marocco-paesaggi-cultura-e-atmosfera\/#article","isPartOf":{"@id":"https:\/\/www.diocesi.lodi.it\/pellegrinaggi\/marocco-paesaggi-cultura-e-atmosfera\/"},"author":{"name":"rancati","@id":"https:\/\/www.diocesi.lodi.it\/pellegrinaggi\/#\/schema\/person\/bee079aceec64ddcc299de71e1de1ff0"},"headline":"MAROCCO: Paesaggi, Cultura e Atmosfera","datePublished":"2025-09-02T09:52:45+00:00","dateModified":"2026-04-13T09:25:24+00:00","mainEntityOfPage":{"@id":"https:\/\/www.diocesi.lodi.it\/pellegrinaggi\/marocco-paesaggi-cultura-e-atmosfera\/"},"wordCount":1960,"publisher":{"@id":"https:\/\/www.diocesi.lodi.it\/pellegrinaggi\/#organization"},"image":{"@id":"https:\/\/www.diocesi.lodi.it\/pellegrinaggi\/marocco-paesaggi-cultura-e-atmosfera\/#primaryimage"},"thumbnailUrl":"https:\/\/www.diocesi.lodi.it\/pellegrinaggi\/wp-content\/uploads\/sites\/9\/2025\/09\/morocco-4030733_1280.jpg","articleSection":["Dove siamo stati","IdeeViaggio - Culturali","Viaggi culturali"],"inLanguage":"it-IT"},{"@type":"WebPage","@id":"https:\/\/www.diocesi.lodi.it\/pellegrinaggi\/marocco-paesaggi-cultura-e-atmosfera\/","url":"https:\/\/www.diocesi.lodi.it\/pellegrinaggi\/marocco-paesaggi-cultura-e-atmosfera\/","name":"MAROCCO: Paesaggi, Cultura e Atmosfera - Ufficio Pellegrinaggi","isPartOf":{"@id":"https:\/\/www.diocesi.lodi.it\/pellegrinaggi\/#website"},"primaryImageOfPage":{"@id":"https:\/\/www.diocesi.lodi.it\/pellegrinaggi\/marocco-paesaggi-cultura-e-atmosfera\/#primaryimage"},"image":{"@id":"https:\/\/www.diocesi.lodi.it\/pellegrinaggi\/marocco-paesaggi-cultura-e-atmosfera\/#primaryimage"},"thumbnailUrl":"https:\/\/www.diocesi.lodi.it\/pellegrinaggi\/wp-content\/uploads\/sites\/9\/2025\/09\/morocco-4030733_1280.jpg","datePublished":"2025-09-02T09:52:45+00:00","dateModified":"2026-04-13T09:25:24+00:00","breadcrumb":{"@id":"https:\/\/www.diocesi.lodi.it\/pellegrinaggi\/marocco-paesaggi-cultura-e-atmosfera\/#breadcrumb"},"inLanguage":"it-IT","potentialAction":[{"@type":"ReadAction","target":["https:\/\/www.diocesi.lodi.it\/pellegrinaggi\/marocco-paesaggi-cultura-e-atmosfera\/"]}]},{"@type":"ImageObject","inLanguage":"it-IT","@id":"https:\/\/www.diocesi.lodi.it\/pellegrinaggi\/marocco-paesaggi-cultura-e-atmosfera\/#primaryimage","url":"https:\/\/www.diocesi.lodi.it\/pellegrinaggi\/wp-content\/uploads\/sites\/9\/2025\/09\/morocco-4030733_1280.jpg","contentUrl":"https:\/\/www.diocesi.lodi.it\/pellegrinaggi\/wp-content\/uploads\/sites\/9\/2025\/09\/morocco-4030733_1280.jpg","width":1280,"height":854},{"@type":"BreadcrumbList","@id":"https:\/\/www.diocesi.lodi.it\/pellegrinaggi\/marocco-paesaggi-cultura-e-atmosfera\/#breadcrumb","itemListElement":[{"@type":"ListItem","position":1,"name":"Home","item":"https:\/\/www.diocesi.lodi.it\/pellegrinaggi\/"},{"@type":"ListItem","position":2,"name":"MAROCCO: Paesaggi, Cultura e Atmosfera"}]},{"@type":"WebSite","@id":"https:\/\/www.diocesi.lodi.it\/pellegrinaggi\/#website","url":"https:\/\/www.diocesi.lodi.it\/pellegrinaggi\/","name":"Ufficio Pellegrinaggi","description":"Diocesi di Lodi","publisher":{"@id":"https:\/\/www.diocesi.lodi.it\/pellegrinaggi\/#organization"},"potentialAction":[{"@type":"SearchAction","target":{"@type":"EntryPoint","urlTemplate":"https:\/\/www.diocesi.lodi.it\/pellegrinaggi\/?s={search_term_string}"},"query-input":"required name=search_term_string"}],"inLanguage":"it-IT"},{"@type":"Organization","@id":"https:\/\/www.diocesi.lodi.it\/pellegrinaggi\/#organization","name":"Ufficio Pellegrinaggi","url":"https:\/\/www.diocesi.lodi.it\/pellegrinaggi\/","logo":{"@type":"ImageObject","inLanguage":"it-IT","@id":"https:\/\/www.diocesi.lodi.it\/pellegrinaggi\/#\/schema\/logo\/image\/","url":"https:\/\/www.diocesi.lodi.it\/pellegrinaggi\/wp-content\/uploads\/sites\/9\/2023\/10\/lodi-ico.png","contentUrl":"https:\/\/www.diocesi.lodi.it\/pellegrinaggi\/wp-content\/uploads\/sites\/9\/2023\/10\/lodi-ico.png","width":191,"height":190,"caption":"Ufficio Pellegrinaggi"},"image":{"@id":"https:\/\/www.diocesi.lodi.it\/pellegrinaggi\/#\/schema\/logo\/image\/"}}]}},"_links":{"self":[{"href":"https:\/\/www.diocesi.lodi.it\/pellegrinaggi\/wp-json\/wp\/v2\/posts\/3135"}],"collection":[{"href":"https:\/\/www.diocesi.lodi.it\/pellegrinaggi\/wp-json\/wp\/v2\/posts"}],"about":[{"href":"https:\/\/www.diocesi.lodi.it\/pellegrinaggi\/wp-json\/wp\/v2\/types\/post"}],"author":[{"embeddable":true,"href":"https:\/\/www.diocesi.lodi.it\/pellegrinaggi\/wp-json\/wp\/v2\/users\/20"}],"replies":[{"embeddable":true,"href":"https:\/\/www.diocesi.lodi.it\/pellegrinaggi\/wp-json\/wp\/v2\/comments?post=3135"}],"version-history":[{"count":7,"href":"https:\/\/www.diocesi.lodi.it\/pellegrinaggi\/wp-json\/wp\/v2\/posts\/3135\/revisions"}],"predecessor-version":[{"id":3701,"href":"https:\/\/www.diocesi.lodi.it\/pellegrinaggi\/wp-json\/wp\/v2\/posts\/3135\/revisions\/3701"}],"wp:featuredmedia":[{"embeddable":true,"href":"https:\/\/www.diocesi.lodi.it\/pellegrinaggi\/wp-json\/wp\/v2\/media\/3137"}],"wp:attachment":[{"href":"https:\/\/www.diocesi.lodi.it\/pellegrinaggi\/wp-json\/wp\/v2\/media?parent=3135"}],"wp:term":[{"taxonomy":"category","embeddable":true,"href":"https:\/\/www.diocesi.lodi.it\/pellegrinaggi\/wp-json\/wp\/v2\/categories?post=3135"},{"taxonomy":"post_tag","embeddable":true,"href":"https:\/\/www.diocesi.lodi.it\/pellegrinaggi\/wp-json\/wp\/v2\/tags?post=3135"}],"curies":[{"name":"wp","href":"https:\/\/api.w.org\/{rel}","templated":true}]}}