{"id":1324,"date":"2024-11-07T17:53:43","date_gmt":"2024-11-07T16:53:43","guid":{"rendered":"https:\/\/www.diocesi.lodi.it\/scuola\/?p=1324"},"modified":"2025-11-21T10:23:42","modified_gmt":"2025-11-21T09:23:42","slug":"concorso-ordinario-per-gli-idrc","status":"publish","type":"post","link":"https:\/\/www.diocesi.lodi.it\/scuola\/concorso-ordinario-per-gli-idrc\/","title":{"rendered":"Concorso Ordinario per gli IdRC"},"content":{"rendered":"<p style=\"text-align: right\"><em>Lodi, 7 novembre 2024<\/em><\/p>\n<p>Carissimi insegnanti,<\/p>\n<p>sono stati pubblicati in data 6 novembre 2024 <strong>i bandi per il concorso ordinario per gli IdRC e relativi avvisi.<\/strong> Si \u00e8 giunti finalmente alla conclusione dell\u2019iter di indizione delle procedure concorsuali autorizzate con D.L. 126\/19. Accogliamo con gioia questa possibilit\u00e0 che \u00e8 data e per questo Vi indichiamo le linee guida da seguire.<\/p>\n<p>&#8211; <strong>Richiesta e consegna della certificazione dell\u2019idoneit\u00e0 diocesana<\/strong><br \/>\nPer la richiesta e la consegna della certificazione, compilate il modulo che trovate in allegato e nelle news del sito dell\u2019Ufficio Scuola https:\/\/www.diocesi.lodi.it\/scuola<\/p>\n<p>&#8211; <strong>Indicazioni operative<\/strong><br \/>\nSi ricorda, coma da documento CEI allegato, che potranno essere rilasciate le certificazioni solo a coloro in possesso di titolo e proposta di nomina della Diocesi di Lodi. Ne consegue che, coloro che non hanno una proposta di nomina, ma solo titolo e idoneit\u00e0 della Diocesi Lodi, saranno contattati per la verifica dei requisiti. Stante il diritto dell&#8217;Ordinario di realizzare l&#8217;Intesa (come da L. 186\/2003 e DPR 175\/2012) le certificazioni verranno rilasciate possibilmente in conformit\u00e0 alla nomina ricevuta, oppure a seguito di specifica verifica dei requisiti. La consegna della certificazione di idoneit\u00e0 potr\u00e0 essere effettuata dal 13 novembre al 25 novembre, previo appuntamento concordato con il personale dell\u2019Ufficio Scuola. E\u2019 prevista la possibilit\u00e0 di ritiro della certificazione di idoneit\u00e0 per l\u2019insegnamento della religione cattolica tramite persona autorizzata con relativa delega (prospetto in allegato)<\/p>\n<p>&#8211; <strong>Concorso Ordinario<\/strong><br \/>\nIl concorso si articola in una prova scritta di 100 min. (computer-based, con 50 quesiti a risposta multipla, di cui 5 sulla conoscenza della lingua inglese a livello B2 e 5 sulle competenze digitali) e una prova orale (comprensiva di test didattico specifico, consistente in una lezione simulata). Le graduatorie redatte hanno validit\u00e0 biennale e perdono efficacia alla scadenza di tale periodo.<\/p>\n<p>&#8211; <strong>Preparazione al Concorso Ordinario<\/strong><br \/>\nRicordiamo la <strong>disponibilit\u00e0 del Corso gratuito<\/strong> che i Vescovi delle Diocesi della Lombardia hanno offerto a supporto della preparazione degli IdRC, reperibile al link: <a href=\"https:\/\/idrinforma.it\/cipac\" target=\"_blank\" rel=\"noopener\">https:\/\/idrinforma.it\/cipac<\/a>.<\/p>\n<p>&nbsp;<\/p>\n<p>Un cordiale saluto.<\/p>\n<p><em>Piero Cattaneo<\/em><\/p>\n<p>&nbsp;<\/p>\n<p><span style=\"color: #ff0000\">DOCUMENTI<\/span><\/p>\n<p><span style=\"color: #0000ff\"><a style=\"color: #0000ff\" href=\"https:\/\/www.diocesi.lodi.it\/scuola\/wp-content\/uploads\/sites\/11\/2024\/11\/343_Lettera-per-IdRC-Concorso-Ordinario.pdf\" target=\"_blank\" rel=\"noopener\">1 &#8211; Prot. US 343\/2004 del 7\/11\/24 -Informazioni in merito alla richiesta e consegna della certificazione per la partecipazione ai Concorso Orinario<\/a><\/span><\/p>\n<p><a href=\"https:\/\/www.diocesi.lodi.it\/scuola\/wp-content\/uploads\/sites\/11\/2024\/11\/2-Promemoria-per-gli-Uffici-diocesani-Irc-4-novembre-2024.pdf\" target=\"_blank\" rel=\"noopener\"><span style=\"color: #0000ff\">2 &#8211; Promemoria per gli Uffici Diocesani IRC<\/span><\/a><\/p>\n<p><a href=\"https:\/\/www.diocesi.lodi.it\/scuola\/wp-content\/uploads\/sites\/11\/2024\/06\/2-Rrichiesta-certificazione-idoneita-Diocesi-di-Lodi.docx\" target=\"_blank\" rel=\"noopener\">3\/a- Richiesta certificazione idoneit\u00e0 &#8211; modello word<\/a><\/p>\n<p><span style=\"color: #0000ff\"><a style=\"color: #0000ff\" href=\"https:\/\/www.diocesi.lodi.it\/scuola\/wp-content\/uploads\/sites\/11\/2024\/06\/2-Rrichiesta-certificazione-idoneita-Diocesi-di-Lodi.pdf\" target=\"_blank\" rel=\"noopener\">3\/b &#8211; Richiesta certificazione idoneit\u00e0 &#8211; modello pdf<\/a><\/span><\/p>\n<p><span style=\"color: #0000ff\"><a style=\"color: #0000ff\" href=\"https:\/\/www.diocesi.lodi.it\/scuola\/wp-content\/uploads\/sites\/11\/2024\/06\/3-delega.pdf\" target=\"_blank\" rel=\"noopener\">4 &#8211; Delega per il ritiro<\/a><\/span><\/p>\n<p><span style=\"color: #0000ff\"><a style=\"color: #0000ff\" href=\"https:\/\/www.diocesi.lodi.it\/scuola\/wp-content\/uploads\/sites\/11\/2024\/06\/5-Diagramma-rilascio-certificazione.pdf\" target=\"_blank\" rel=\"noopener\">5 &#8211; Diagramma rilascio certificazione<\/a><\/span><\/p>\n<p><span style=\"color: #ff0000\">LINK UTILI<\/span><\/p>\n<p><span style=\"color: #0000ff\"><a style=\"color: #0000ff\" href=\"https:\/\/www.diocesi.lodi.it\/scuola\/wp-content\/uploads\/sites\/11\/2024\/11\/Avviso-MIM.pdf\" target=\"_blank\" rel=\"noopener\">Avviso MIM<\/a><\/span><\/p>\n<p><span style=\"color: #0000ff\"><a style=\"color: #0000ff\" href=\"https:\/\/iam.pubblica.istruzione.it\/iam-ssum\/sso\/login?goto=https:\/\/concorsi.istruzione.it\/piattaforma-concorsi-web\" target=\"_blank\" rel=\"noopener\">Piattaforma del Ministero dell&#8217;Istruzione e del Merito<\/a><\/span><\/p>\n<p>&nbsp;<\/p>\n","protected":false},"excerpt":{"rendered":"<p>Lodi, 7 novembre 2024 Carissimi insegnanti, sono stati pubblicati in data 6 novembre 2024 i bandi per il concorso ordinario per gli IdRC e relativi avvisi. Si \u00e8 giunti finalmente alla conclusione dell\u2019iter di indizione delle procedure concorsuali autorizzate con D.L. 126\/19. Accogliamo con gioia questa possibilit\u00e0 che \u00e8 data e per questo Vi indichiamo [&hellip;]<\/p>\n","protected":false},"author":0,"featured_media":1337,"comment_status":"closed","ping_status":"closed","sticky":false,"template":"","format":"standard","meta":{"_acf_changed":false,"ip_address":"","user_agent":"","level":"","revision":"","cookie_id":"","page_referer":"","html_form":"","footnotes":""},"categories":[4],"tags":[],"acf":[],"yoast_head":"<!-- This site is optimized with the Yoast SEO plugin v22.3 - https:\/\/yoast.com\/wordpress\/plugins\/seo\/ -->\n<title>Concorso Ordinario per gli IdRC - Ufficio Scuola<\/title>\n<meta name=\"robots\" content=\"index, follow, max-snippet:-1, max-image-preview:large, max-video-preview:-1\" \/>\n<link rel=\"canonical\" href=\"https:\/\/www.diocesi.lodi.it\/scuola\/concorso-ordinario-per-gli-idrc\/\" \/>\n<meta property=\"og:locale\" content=\"it_IT\" \/>\n<meta property=\"og:type\" content=\"article\" \/>\n<meta property=\"og:title\" content=\"Concorso Ordinario per gli IdRC - Ufficio Scuola\" \/>\n<meta property=\"og:description\" content=\"Lodi, 7 novembre 2024 Carissimi insegnanti, sono stati pubblicati in data 6 novembre 2024 i bandi per il concorso ordinario per gli IdRC e relativi avvisi. Si \u00e8 giunti finalmente alla conclusione dell\u2019iter di indizione delle procedure concorsuali autorizzate con D.L. 126\/19. Accogliamo con gioia questa possibilit\u00e0 che \u00e8 data e per questo Vi indichiamo [&hellip;]\" \/>\n<meta property=\"og:url\" content=\"https:\/\/www.diocesi.lodi.it\/scuola\/concorso-ordinario-per-gli-idrc\/\" \/>\n<meta property=\"og:site_name\" content=\"Ufficio Scuola\" \/>\n<meta property=\"article:published_time\" content=\"2024-11-07T16:53:43+00:00\" \/>\n<meta property=\"article:modified_time\" content=\"2025-11-21T09:23:42+00:00\" \/>\n<meta property=\"og:image\" content=\"https:\/\/www.diocesi.lodi.it\/scuola\/wp-content\/uploads\/sites\/11\/2024\/11\/aula-banchi-vuoti.jpg\" \/>\n\t<meta property=\"og:image:width\" content=\"1280\" \/>\n\t<meta property=\"og:image:height\" content=\"960\" \/>\n\t<meta property=\"og:image:type\" content=\"image\/jpeg\" \/>\n<meta name=\"author\" content=\"rancati\" \/>\n<meta name=\"twitter:card\" content=\"summary_large_image\" \/>\n<meta name=\"twitter:label1\" content=\"Scritto da\" \/>\n\t<meta name=\"twitter:data1\" content=\"\" \/>\n\t<meta name=\"twitter:label2\" content=\"Tempo di lettura stimato\" \/>\n\t<meta name=\"twitter:data2\" content=\"3 minuti\" \/>\n<script type=\"application\/ld+json\" class=\"yoast-schema-graph\">{\"@context\":\"https:\/\/schema.org\",\"@graph\":[{\"@type\":\"Article\",\"@id\":\"https:\/\/www.diocesi.lodi.it\/scuola\/concorso-ordinario-per-gli-idrc\/#article\",\"isPartOf\":{\"@id\":\"https:\/\/www.diocesi.lodi.it\/scuola\/concorso-ordinario-per-gli-idrc\/\"},\"author\":{\"name\":\"rancati\",\"@id\":\"https:\/\/www.diocesi.lodi.it\/scuola\/#\/schema\/person\/bee079aceec64ddcc299de71e1de1ff0\"},\"headline\":\"Concorso Ordinario per gli IdRC\",\"datePublished\":\"2024-11-07T16:53:43+00:00\",\"dateModified\":\"2025-11-21T09:23:42+00:00\",\"mainEntityOfPage\":{\"@id\":\"https:\/\/www.diocesi.lodi.it\/scuola\/concorso-ordinario-per-gli-idrc\/\"},\"wordCount\":399,\"publisher\":{\"@id\":\"https:\/\/www.diocesi.lodi.it\/scuola\/#organization\"},\"image\":{\"@id\":\"https:\/\/www.diocesi.lodi.it\/scuola\/concorso-ordinario-per-gli-idrc\/#primaryimage\"},\"thumbnailUrl\":\"https:\/\/www.diocesi.lodi.it\/scuola\/wp-content\/uploads\/sites\/11\/2024\/11\/aula-banchi-vuoti.jpg\",\"articleSection\":[\"news\"],\"inLanguage\":\"it-IT\"},{\"@type\":\"WebPage\",\"@id\":\"https:\/\/www.diocesi.lodi.it\/scuola\/concorso-ordinario-per-gli-idrc\/\",\"url\":\"https:\/\/www.diocesi.lodi.it\/scuola\/concorso-ordinario-per-gli-idrc\/\",\"name\":\"Concorso Ordinario per gli IdRC - Ufficio Scuola\",\"isPartOf\":{\"@id\":\"https:\/\/www.diocesi.lodi.it\/scuola\/#website\"},\"primaryImageOfPage\":{\"@id\":\"https:\/\/www.diocesi.lodi.it\/scuola\/concorso-ordinario-per-gli-idrc\/#primaryimage\"},\"image\":{\"@id\":\"https:\/\/www.diocesi.lodi.it\/scuola\/concorso-ordinario-per-gli-idrc\/#primaryimage\"},\"thumbnailUrl\":\"https:\/\/www.diocesi.lodi.it\/scuola\/wp-content\/uploads\/sites\/11\/2024\/11\/aula-banchi-vuoti.jpg\",\"datePublished\":\"2024-11-07T16:53:43+00:00\",\"dateModified\":\"2025-11-21T09:23:42+00:00\",\"breadcrumb\":{\"@id\":\"https:\/\/www.diocesi.lodi.it\/scuola\/concorso-ordinario-per-gli-idrc\/#breadcrumb\"},\"inLanguage\":\"it-IT\",\"potentialAction\":[{\"@type\":\"ReadAction\",\"target\":[\"https:\/\/www.diocesi.lodi.it\/scuola\/concorso-ordinario-per-gli-idrc\/\"]}]},{\"@type\":\"ImageObject\",\"inLanguage\":\"it-IT\",\"@id\":\"https:\/\/www.diocesi.lodi.it\/scuola\/concorso-ordinario-per-gli-idrc\/#primaryimage\",\"url\":\"https:\/\/www.diocesi.lodi.it\/scuola\/wp-content\/uploads\/sites\/11\/2024\/11\/aula-banchi-vuoti.jpg\",\"contentUrl\":\"https:\/\/www.diocesi.lodi.it\/scuola\/wp-content\/uploads\/sites\/11\/2024\/11\/aula-banchi-vuoti.jpg\",\"width\":1280,\"height\":960},{\"@type\":\"BreadcrumbList\",\"@id\":\"https:\/\/www.diocesi.lodi.it\/scuola\/concorso-ordinario-per-gli-idrc\/#breadcrumb\",\"itemListElement\":[{\"@type\":\"ListItem\",\"position\":1,\"name\":\"Home\",\"item\":\"https:\/\/www.diocesi.lodi.it\/scuola\/\"},{\"@type\":\"ListItem\",\"position\":2,\"name\":\"Concorso Ordinario per gli IdRC\"}]},{\"@type\":\"WebSite\",\"@id\":\"https:\/\/www.diocesi.lodi.it\/scuola\/#website\",\"url\":\"https:\/\/www.diocesi.lodi.it\/scuola\/\",\"name\":\"Ufficio Scuola\",\"description\":\"Diocesi di Lodi\",\"publisher\":{\"@id\":\"https:\/\/www.diocesi.lodi.it\/scuola\/#organization\"},\"potentialAction\":[{\"@type\":\"SearchAction\",\"target\":{\"@type\":\"EntryPoint\",\"urlTemplate\":\"https:\/\/www.diocesi.lodi.it\/scuola\/?s={search_term_string}\"},\"query-input\":\"required name=search_term_string\"}],\"inLanguage\":\"it-IT\"},{\"@type\":\"Organization\",\"@id\":\"https:\/\/www.diocesi.lodi.it\/scuola\/#organization\",\"name\":\"Ufficio Scuola\",\"url\":\"https:\/\/www.diocesi.lodi.it\/scuola\/\",\"logo\":{\"@type\":\"ImageObject\",\"inLanguage\":\"it-IT\",\"@id\":\"https:\/\/www.diocesi.lodi.it\/scuola\/#\/schema\/logo\/image\/\",\"url\":\"https:\/\/www.diocesi.lodi.it\/scuola\/wp-content\/uploads\/sites\/11\/2023\/10\/lodi-ico.png\",\"contentUrl\":\"https:\/\/www.diocesi.lodi.it\/scuola\/wp-content\/uploads\/sites\/11\/2023\/10\/lodi-ico.png\",\"width\":191,\"height\":190,\"caption\":\"Ufficio Scuola\"},\"image\":{\"@id\":\"https:\/\/www.diocesi.lodi.it\/scuola\/#\/schema\/logo\/image\/\"}}]}<\/script>\n<!-- \/ Yoast SEO plugin. -->","yoast_head_json":{"title":"Concorso Ordinario per gli IdRC - Ufficio Scuola","robots":{"index":"index","follow":"follow","max-snippet":"max-snippet:-1","max-image-preview":"max-image-preview:large","max-video-preview":"max-video-preview:-1"},"canonical":"https:\/\/www.diocesi.lodi.it\/scuola\/concorso-ordinario-per-gli-idrc\/","og_locale":"it_IT","og_type":"article","og_title":"Concorso Ordinario per gli IdRC - Ufficio Scuola","og_description":"Lodi, 7 novembre 2024 Carissimi insegnanti, sono stati pubblicati in data 6 novembre 2024 i bandi per il concorso ordinario per gli IdRC e relativi avvisi. Si \u00e8 giunti finalmente alla conclusione dell\u2019iter di indizione delle procedure concorsuali autorizzate con D.L. 126\/19. Accogliamo con gioia questa possibilit\u00e0 che \u00e8 data e per questo Vi indichiamo [&hellip;]","og_url":"https:\/\/www.diocesi.lodi.it\/scuola\/concorso-ordinario-per-gli-idrc\/","og_site_name":"Ufficio Scuola","article_published_time":"2024-11-07T16:53:43+00:00","article_modified_time":"2025-11-21T09:23:42+00:00","og_image":[{"width":1280,"height":960,"url":"https:\/\/www.diocesi.lodi.it\/scuola\/wp-content\/uploads\/sites\/11\/2024\/11\/aula-banchi-vuoti.jpg","type":"image\/jpeg"}],"author":"rancati","twitter_card":"summary_large_image","twitter_misc":{"Scritto da":"","Tempo di lettura stimato":"3 minuti"},"schema":{"@context":"https:\/\/schema.org","@graph":[{"@type":"Article","@id":"https:\/\/www.diocesi.lodi.it\/scuola\/concorso-ordinario-per-gli-idrc\/#article","isPartOf":{"@id":"https:\/\/www.diocesi.lodi.it\/scuola\/concorso-ordinario-per-gli-idrc\/"},"author":{"name":"rancati","@id":"https:\/\/www.diocesi.lodi.it\/scuola\/#\/schema\/person\/bee079aceec64ddcc299de71e1de1ff0"},"headline":"Concorso Ordinario per gli IdRC","datePublished":"2024-11-07T16:53:43+00:00","dateModified":"2025-11-21T09:23:42+00:00","mainEntityOfPage":{"@id":"https:\/\/www.diocesi.lodi.it\/scuola\/concorso-ordinario-per-gli-idrc\/"},"wordCount":399,"publisher":{"@id":"https:\/\/www.diocesi.lodi.it\/scuola\/#organization"},"image":{"@id":"https:\/\/www.diocesi.lodi.it\/scuola\/concorso-ordinario-per-gli-idrc\/#primaryimage"},"thumbnailUrl":"https:\/\/www.diocesi.lodi.it\/scuola\/wp-content\/uploads\/sites\/11\/2024\/11\/aula-banchi-vuoti.jpg","articleSection":["news"],"inLanguage":"it-IT"},{"@type":"WebPage","@id":"https:\/\/www.diocesi.lodi.it\/scuola\/concorso-ordinario-per-gli-idrc\/","url":"https:\/\/www.diocesi.lodi.it\/scuola\/concorso-ordinario-per-gli-idrc\/","name":"Concorso Ordinario per gli IdRC - Ufficio Scuola","isPartOf":{"@id":"https:\/\/www.diocesi.lodi.it\/scuola\/#website"},"primaryImageOfPage":{"@id":"https:\/\/www.diocesi.lodi.it\/scuola\/concorso-ordinario-per-gli-idrc\/#primaryimage"},"image":{"@id":"https:\/\/www.diocesi.lodi.it\/scuola\/concorso-ordinario-per-gli-idrc\/#primaryimage"},"thumbnailUrl":"https:\/\/www.diocesi.lodi.it\/scuola\/wp-content\/uploads\/sites\/11\/2024\/11\/aula-banchi-vuoti.jpg","datePublished":"2024-11-07T16:53:43+00:00","dateModified":"2025-11-21T09:23:42+00:00","breadcrumb":{"@id":"https:\/\/www.diocesi.lodi.it\/scuola\/concorso-ordinario-per-gli-idrc\/#breadcrumb"},"inLanguage":"it-IT","potentialAction":[{"@type":"ReadAction","target":["https:\/\/www.diocesi.lodi.it\/scuola\/concorso-ordinario-per-gli-idrc\/"]}]},{"@type":"ImageObject","inLanguage":"it-IT","@id":"https:\/\/www.diocesi.lodi.it\/scuola\/concorso-ordinario-per-gli-idrc\/#primaryimage","url":"https:\/\/www.diocesi.lodi.it\/scuola\/wp-content\/uploads\/sites\/11\/2024\/11\/aula-banchi-vuoti.jpg","contentUrl":"https:\/\/www.diocesi.lodi.it\/scuola\/wp-content\/uploads\/sites\/11\/2024\/11\/aula-banchi-vuoti.jpg","width":1280,"height":960},{"@type":"BreadcrumbList","@id":"https:\/\/www.diocesi.lodi.it\/scuola\/concorso-ordinario-per-gli-idrc\/#breadcrumb","itemListElement":[{"@type":"ListItem","position":1,"name":"Home","item":"https:\/\/www.diocesi.lodi.it\/scuola\/"},{"@type":"ListItem","position":2,"name":"Concorso Ordinario per gli IdRC"}]},{"@type":"WebSite","@id":"https:\/\/www.diocesi.lodi.it\/scuola\/#website","url":"https:\/\/www.diocesi.lodi.it\/scuola\/","name":"Ufficio Scuola","description":"Diocesi di Lodi","publisher":{"@id":"https:\/\/www.diocesi.lodi.it\/scuola\/#organization"},"potentialAction":[{"@type":"SearchAction","target":{"@type":"EntryPoint","urlTemplate":"https:\/\/www.diocesi.lodi.it\/scuola\/?s={search_term_string}"},"query-input":"required name=search_term_string"}],"inLanguage":"it-IT"},{"@type":"Organization","@id":"https:\/\/www.diocesi.lodi.it\/scuola\/#organization","name":"Ufficio Scuola","url":"https:\/\/www.diocesi.lodi.it\/scuola\/","logo":{"@type":"ImageObject","inLanguage":"it-IT","@id":"https:\/\/www.diocesi.lodi.it\/scuola\/#\/schema\/logo\/image\/","url":"https:\/\/www.diocesi.lodi.it\/scuola\/wp-content\/uploads\/sites\/11\/2023\/10\/lodi-ico.png","contentUrl":"https:\/\/www.diocesi.lodi.it\/scuola\/wp-content\/uploads\/sites\/11\/2023\/10\/lodi-ico.png","width":191,"height":190,"caption":"Ufficio Scuola"},"image":{"@id":"https:\/\/www.diocesi.lodi.it\/scuola\/#\/schema\/logo\/image\/"}}]}},"_links":{"self":[{"href":"https:\/\/www.diocesi.lodi.it\/scuola\/wp-json\/wp\/v2\/posts\/1324"}],"collection":[{"href":"https:\/\/www.diocesi.lodi.it\/scuola\/wp-json\/wp\/v2\/posts"}],"about":[{"href":"https:\/\/www.diocesi.lodi.it\/scuola\/wp-json\/wp\/v2\/types\/post"}],"author":[{"embeddable":true,"href":"https:\/\/www.diocesi.lodi.it\/scuola\/wp-json\/wp\/v2\/users\/20"}],"replies":[{"embeddable":true,"href":"https:\/\/www.diocesi.lodi.it\/scuola\/wp-json\/wp\/v2\/comments?post=1324"}],"version-history":[{"count":14,"href":"https:\/\/www.diocesi.lodi.it\/scuola\/wp-json\/wp\/v2\/posts\/1324\/revisions"}],"predecessor-version":[{"id":1339,"href":"https:\/\/www.diocesi.lodi.it\/scuola\/wp-json\/wp\/v2\/posts\/1324\/revisions\/1339"}],"wp:featuredmedia":[{"embeddable":true,"href":"https:\/\/www.diocesi.lodi.it\/scuola\/wp-json\/wp\/v2\/media\/1337"}],"wp:attachment":[{"href":"https:\/\/www.diocesi.lodi.it\/scuola\/wp-json\/wp\/v2\/media?parent=1324"}],"wp:term":[{"taxonomy":"category","embeddable":true,"href":"https:\/\/www.diocesi.lodi.it\/scuola\/wp-json\/wp\/v2\/categories?post=1324"},{"taxonomy":"post_tag","embeddable":true,"href":"https:\/\/www.diocesi.lodi.it\/scuola\/wp-json\/wp\/v2\/tags?post=1324"}],"curies":[{"name":"wp","href":"https:\/\/api.w.org\/{rel}","templated":true}]}}