{"id":318,"date":"2017-09-07T16:09:57","date_gmt":"2017-09-07T14:09:57","guid":{"rendered":"https:\/\/www.diocesi.lodi.it\/ucd\/?p=318"},"modified":"2017-10-03T15:04:57","modified_gmt":"2017-10-03T13:04:57","slug":"calendario-attivita-ucd-2017-2018","status":"publish","type":"post","link":"https:\/\/www.diocesi.lodi.it\/ucd\/calendario-attivita-ucd-2017-2018\/","title":{"rendered":"Calendario attivit\u00e0 UCD 2017-2018"},"content":{"rendered":"<p>Primo appuntamento del calendario 2017-1018 \u00e8 il<\/p>\n<h2>MANDATO DEI CATECHISTI E DEGLI EDUCATORI DELLA FEDE<\/h2>\n<p><strong>Mercoled\u00ec 13 settembre <\/strong>(ore 21, in Cattedrale), nel contesto della presentazione della Lettera Pastorale<\/p>\n<p>&nbsp;<\/p>\n<p>L&#8217;ufficio Catechistico Diocesano propone inoltre due serie di incontri formativi:<\/p>\n<p>\u201cTRE SERE\u201d PER CATECHISTI E ALTRE FIGURE EDUCATIVE DELLA FEDE\u00a0 e\u00a0 FORMAZIONE \u201cNUOVI CATECHISTI\u201d<\/p>\n<p><strong>Coordinatore degli incontri<\/strong>: <strong>Don Bassano Padovani<\/strong><\/p>\n<p><strong>Tutti gli incontri si terranno alle ore 21, presso l\u2019Aula Magna del Seminario Vescovile, Via XX Settembre 42 &#8211; Lodi.<\/strong><\/p>\n<p>E&#8217; possibile scaricare la locandina informativa in <a href=\"https:\/\/www.diocesi.lodi.it\/ucd\/wp-content\/uploads\/sites\/5\/2017\/09\/Calendario_attivit\u00e0_UCD_2017-2018.pdf\" target=\"_blank\">formato PDF<\/a><\/p>\n<p>&nbsp;<\/p>\n<h2>\u201cTRE SERE\u201d PER CATECHISTI E ALTRE FIGURE EDUCATIVE DELLA FEDE<\/h2>\n<h4><strong>Tema generale: Catechisti pronti alla missione con la forza dello Spirito<\/strong><\/h4>\n<p><em>\u201cIl terzo passo \u00e8 la missione esplicita: una sorta di \u201ccantiere\u201d che si apre per condividere idee,<\/em><\/p>\n<p><em>esperienze, proposte e tentare vie concrete di nuova evangelizzazione\u201d (IP \u201cNello Spirito del Risorto\u201d, p. 40).<\/em><\/p>\n<p>La prospettiva missionaria che coinvolge tutta la vita della Chiesa e quindi anche tutti gli operatori pastorali, trova la sua realizzazione non solo nel dar seguito con fedelt\u00e0 alla prassi di annuncio da secoli presente nella nostra vita ecclesiale, ma anche nell\u2019intuire \u2013 con la forza dello Spirito \u2013 le vie concrete che oggi possano costituire segni di nuova evangelizzazione.<\/p>\n<p>La formazione dei catechisti diventa perci\u00f2 occasione propizia per motivare il rinnovato impegno nel servizio educativo a sostegno della trasmissione della fede nelle nuove generazioni e per sostare su al-cuni nuovi \u201ccantieri\u201d sorti grazie ad una pi\u00f9 profonda sensibilit\u00e0 verso situazioni particolarmente bisognose di annuncio del Vangelo.<\/p>\n<p>&nbsp;<\/p>\n<h3>PRIMA SERATA (Marted\u00ec 26 settembre 2017)<\/h3>\n<p style=\"text-align: center;\"><a href=\"https:\/\/www.diocesi.lodi.it\/ucd\/wp-content\/uploads\/sites\/5\/2017\/09\/UCD_prima_serata_260917.jpeg\" target=\"_blank\"><img loading=\"lazy\" decoding=\"async\" class=\"alignnone wp-image-325 size-medium\" src=\"https:\/\/www.diocesi.lodi.it\/ucd\/wp-content\/uploads\/sites\/5\/2017\/09\/UCD_prima_serata_260917-300x169.jpeg\" width=\"300\" height=\"169\" srcset=\"https:\/\/www.diocesi.lodi.it\/ucd\/wp-content\/uploads\/sites\/5\/2017\/09\/UCD_prima_serata_260917-300x169.jpeg 300w, https:\/\/www.diocesi.lodi.it\/ucd\/wp-content\/uploads\/sites\/5\/2017\/09\/UCD_prima_serata_260917-768x432.jpeg 768w, https:\/\/www.diocesi.lodi.it\/ucd\/wp-content\/uploads\/sites\/5\/2017\/09\/UCD_prima_serata_260917-1024x576.jpeg 1024w, https:\/\/www.diocesi.lodi.it\/ucd\/wp-content\/uploads\/sites\/5\/2017\/09\/UCD_prima_serata_260917-360x203.jpeg 360w, https:\/\/www.diocesi.lodi.it\/ucd\/wp-content\/uploads\/sites\/5\/2017\/09\/UCD_prima_serata_260917.jpeg 1600w\" sizes=\"(max-width: 300px) 100vw, 300px\" \/><\/a><\/p>\n<h4><strong>Titolo<\/strong>: <strong>Conferm\u00e0ti dallo Spirito per essere testimoni della fede<\/strong><\/h4>\n<p><strong>Finalit\u00e0<\/strong>: la serata avr\u00e0 come obiettivo la \u201criconoscente valorizzazione della Cresima\u201d come riscoperta della propria \u201cconfermazione\u201d e assunzione responsabile della missione di testimonianza della fede come catechisti.<\/p>\n<p><strong>Relatore<\/strong>: <strong>Don Bassano Padovani<\/strong> (Direttore UCD Lodi)<\/p>\n<ul>\n<li><a href=\"https:\/\/www.diocesi.lodi.it\/ucd\/wp-content\/uploads\/sites\/5\/2017\/09\/UCD_prima_serata_260917.pdf\" target=\"_blank\"><strong>Materiale relativo alla prima relazione<\/strong><\/a>\u00a0(file .PDF)<\/li>\n<\/ul>\n<p>&nbsp;<\/p>\n<h3>SECONDA SERATA (Marted\u00ec 10 ottobre 2017)<\/h3>\n<h4><strong>Titolo<\/strong>: <strong>L\u2019annuncio del Vangelo in situazione familiare \u201cspezzata\u201d<\/strong> (separazione, divorzio, nuovo nucleo familiare\u2026)<\/h4>\n<p><strong>Finalit\u00e0: <\/strong>la serata offrir\u00e0 ai catechisti l\u2019occasione per conoscere e affrontare una situazione sociale\/ecclesiale che chiede particolare delicatezza: l\u2019annuncio della buona notizia del Vangelo dentro la non buona notizia delle crisi familiari dovute a separazione, divorzio e nuova unione. I bambini e i ragazzi che vivono in questa situazione vanno aiutati ad affrontare il dramma delle relazioni affettive spezzate incontrando un annuncio evangelico che sia davvero di conforto, consolazione, sostegno, speranza. La serata permetter\u00e0 l\u2019ascolto di un\u2019esperta di tematiche familiari e l\u2019incontro con una proposta concreta pensata per i catechisti (un sussidio specifico regionale).<\/p>\n<p><strong>Relatrice<\/strong>: <strong>Dott.ssa Anna Bertoni<\/strong> (Docente-ricercatrice Universit\u00e0 Cattolica S. Cuore di Milano)<\/p>\n<p>&nbsp;<\/p>\n<h3>TERZA SERATA (Marted\u00ec 24 ottobre 2017)<\/h3>\n<h4><strong>Titolo<\/strong>: <strong>L\u2019iniziazione cristiana dei bambini e ragazzi in situazione di disabilit\u00e0.<\/strong><\/h4>\n<p><strong>Finalit\u00e0: <\/strong>mira a far crescere nei catechisti attenzione e sensibilit\u00e0 verso una realt\u00e0 spesso invisibile e senza voce ma realmente presente nelle nostre comunit\u00e0: la vita toccata dalle situazioni di disabilit\u00e0, specialmente quella sensoriale e psichica. Non c\u2019\u00e8 parrocchia in cui non sia presente un ragazzo non-vedente\/non-udente, affetto da sindrome down, rinchiuso nell\u2019autismo, bloccato nella relazione comunicativa della parola o dei movimenti dovuti a malattie paraplegiche, ecc. E non dimentichiamo tanti ragazzi che devono fronteggiare disturbi meno gravi ma pur sempre impegnativi come i deficit di attenzione e l\u2019iperattivit\u00e0. Come vivere con loro il percorso dell\u2019iniziazione cristiana?<\/p>\n<p><strong>Relatrice<\/strong>: <strong>Suor Veronica Donatello<\/strong> (Responsabile nazionale settore catechesi disabili UCN)<\/p>\n<p>&nbsp;<\/p>\n<p>&nbsp;<\/p>\n<h2>FORMAZIONE \u201cNUOVI CATECHISTI\u201d<\/h2>\n<p>Ogni anno la famiglia diocesana dei catechisti incorpora nuove forze che con generosit\u00e0 si rendono disponibili al servizio catechistico. A cadenza triennale viene proposto per loro questo \u201cmini\u201d corso in tre sere, un aiuto per affrontare alcuni temi particolarmente sentiti da chi inizia.<\/p>\n<p>&nbsp;<\/p>\n<h3>Primo incontro (Marted\u00ec 7 novembre 2017)<\/h3>\n<h4><strong>Titolo:<\/strong>\u00a0 <strong>Costruire il \u201cgruppo\u201d di catechesi<\/strong><\/h4>\n<p><strong>Finalit\u00e0: <\/strong>Sappiamo tutti che l\u2019attivit\u00e0 catechistica \u00e8 parte del \u201cministero della Parola\u201d, quindi un\u2019azione di annuncio del Vangelo. Ma questo aspetto della catechesi sar\u00e0 possibile ed efficace solo se il catechista riuscir\u00e0 a creare attorno a s\u00e9 le condizioni migliori per essere accettato e ascoltato dai suoi ragazzi. Dunque tra i primissimi obiettivi di lavoro di un nuovo catechista c\u2019\u00e8 la \u201ccostruzione del gruppo\u201d, cio\u00e8 la paziente tessitura dei rapporti tra lui e i ragazzi e dei ragazzi tra di loro. L\u2019incontro offrir\u00e0 qualche importante suggerimento per far crescere l\u2019arte della relazione educativa.<\/p>\n<p><strong>\u00a0<\/strong><\/p>\n<h3>Secondo incontro (marted\u00ec 14 novembre 2017)<\/h3>\n<h4><strong>Titolo: Animare la catechesi: metodo, tecniche, strumenti\u2026<\/strong><\/h4>\n<p><strong>Finalit\u00e0: <\/strong>Non tutti i nuovi catechisti hanno avuto la fortuna di essere stati accompagnati da catechisti brillanti e appassionati. Il rischio \u00e8 quello di ripetere stili di basso profilo, senza inventiva, destinati a diventare \u201cminestra riscaldata\u201d nel giro di un mese. Dobbiamo invece imparare a dare un forte impulso di \u201canimazione\u201d alla catechesi, avviando un vero percorso di apprendimento di un buon metodo, supportato dalla possibilit\u00e0 di utilizzare tecniche diverse e strumenti innovativi.<\/p>\n<p>&nbsp;<\/p>\n<h3>Terzo incontro: (marted\u00ec 21 novembre 2017)<\/h3>\n<h4><strong>Titolo:<\/strong> <strong>Gestire i problemi educativi dei ragazzi<\/strong><\/h4>\n<p><strong>Finalit\u00e0: \u201c<\/strong>Come faccio a gestire un gruppo di ragazzini scalmanati? E con quelli che evidentemente si portano dietro problemi grossi pi\u00f9 di loro?\u201d. La realt\u00e0 dei gruppi di catechesi \u00e8 molto \u201cricca\u201d di situazioni non solo positive e stimolanti, ma anche difficili e frustranti. Ma questo \u00e8 il bello della sfida educativa: poter dimostrare che in ogni situazione, anche quella pi\u00f9 difficile o dolorosa, possiamo stare vicini a chi fa fatica e condividerne i vissuti, come farebbe il \u201cbuon Samaritano\u201d. E\u2019 uno stile tutto da imparare e dentro cui allenarsi con perseveranza\u2026<\/p>\n<p>&nbsp;<\/p>\n","protected":false},"excerpt":{"rendered":"<p>Primo appuntamento del calendario 2017-1018 \u00e8 il MANDATO DEI CATECHISTI E DEGLI EDUCATORI DELLA FEDE Mercoled\u00ec 13 settembre (ore 21, in Cattedrale), nel contesto della presentazione della Lettera Pastorale &nbsp; L&#8217;ufficio Catechistico Diocesano propone inoltre due serie di incontri formativi: \u201cTRE SERE\u201d PER CATECHISTI E ALTRE FIGURE EDUCATIVE DELLA FEDE\u00a0 e\u00a0 FORMAZIONE \u201cNUOVI CATECHISTI\u201d Coordinatore [&hellip;]<\/p>\n","protected":false},"author":0,"featured_media":0,"comment_status":"open","ping_status":"open","sticky":false,"template":"","format":"standard","meta":{"_acf_changed":false,"ip_address":"","user_agent":"","level":"","revision":"","cookie_id":"","page_referer":"","html_form":"","footnotes":""},"categories":[276,277,4],"tags":[],"acf":[],"yoast_head":"<!-- This site is optimized with the Yoast SEO plugin v22.3 - https:\/\/yoast.com\/wordpress\/plugins\/seo\/ -->\n<title>Calendario attivit\u00e0 UCD 2017-2018 - Ufficio Catechistico<\/title>\n<meta name=\"robots\" content=\"index, follow, max-snippet:-1, max-image-preview:large, max-video-preview:-1\" \/>\n<link rel=\"canonical\" href=\"https:\/\/www.diocesi.lodi.it\/ucd\/calendario-attivita-ucd-2017-2018\/\" \/>\n<meta property=\"og:locale\" content=\"it_IT\" \/>\n<meta property=\"og:type\" content=\"article\" \/>\n<meta property=\"og:title\" content=\"Calendario attivit\u00e0 UCD 2017-2018 - Ufficio Catechistico\" \/>\n<meta property=\"og:description\" content=\"Primo appuntamento del calendario 2017-1018 \u00e8 il MANDATO DEI CATECHISTI E DEGLI EDUCATORI DELLA FEDE Mercoled\u00ec 13 settembre (ore 21, in Cattedrale), nel contesto della presentazione della Lettera Pastorale &nbsp; L&#8217;ufficio Catechistico Diocesano propone inoltre due serie di incontri formativi: \u201cTRE SERE\u201d PER CATECHISTI E ALTRE FIGURE EDUCATIVE DELLA FEDE\u00a0 e\u00a0 FORMAZIONE \u201cNUOVI CATECHISTI\u201d Coordinatore [&hellip;]\" \/>\n<meta property=\"og:url\" content=\"https:\/\/www.diocesi.lodi.it\/ucd\/calendario-attivita-ucd-2017-2018\/\" \/>\n<meta property=\"og:site_name\" content=\"Ufficio Catechistico\" \/>\n<meta property=\"article:published_time\" content=\"2017-09-07T14:09:57+00:00\" \/>\n<meta property=\"article:modified_time\" content=\"2017-10-03T13:04:57+00:00\" \/>\n<meta property=\"og:image\" content=\"https:\/\/www.diocesi.lodi.it\/ucd\/wp-content\/uploads\/sites\/5\/2017\/09\/UCD_prima_serata_260917-300x169.jpeg\" \/>\n<meta name=\"author\" content=\"assistenzapmp\" \/>\n<meta name=\"twitter:card\" content=\"summary_large_image\" \/>\n<meta name=\"twitter:label1\" content=\"Scritto da\" \/>\n\t<meta name=\"twitter:data1\" content=\"\" \/>\n\t<meta name=\"twitter:label2\" content=\"Tempo di lettura stimato\" \/>\n\t<meta name=\"twitter:data2\" content=\"5 minuti\" \/>\n<script type=\"application\/ld+json\" class=\"yoast-schema-graph\">{\"@context\":\"https:\/\/schema.org\",\"@graph\":[{\"@type\":\"Article\",\"@id\":\"https:\/\/www.diocesi.lodi.it\/ucd\/calendario-attivita-ucd-2017-2018\/#article\",\"isPartOf\":{\"@id\":\"https:\/\/www.diocesi.lodi.it\/ucd\/calendario-attivita-ucd-2017-2018\/\"},\"author\":{\"name\":\"assistenzapmp\",\"@id\":\"https:\/\/www.diocesi.lodi.it\/ucd\/#\/schema\/person\/30b9ebfdd195633e78cf881961519bf9\"},\"headline\":\"Calendario attivit\u00e0 UCD 2017-2018\",\"datePublished\":\"2017-09-07T14:09:57+00:00\",\"dateModified\":\"2017-10-03T13:04:57+00:00\",\"mainEntityOfPage\":{\"@id\":\"https:\/\/www.diocesi.lodi.it\/ucd\/calendario-attivita-ucd-2017-2018\/\"},\"wordCount\":905,\"commentCount\":0,\"publisher\":{\"@id\":\"https:\/\/www.diocesi.lodi.it\/ucd\/#organization\"},\"image\":{\"@id\":\"https:\/\/www.diocesi.lodi.it\/ucd\/calendario-attivita-ucd-2017-2018\/#primaryimage\"},\"thumbnailUrl\":\"https:\/\/www.diocesi.lodi.it\/ucd\/wp-content\/uploads\/sites\/5\/2017\/09\/UCD_prima_serata_260917-300x169.jpeg\",\"articleSection\":[\"Formazione\",\"Formazione Animatori\",\"news\"],\"inLanguage\":\"it-IT\"},{\"@type\":\"WebPage\",\"@id\":\"https:\/\/www.diocesi.lodi.it\/ucd\/calendario-attivita-ucd-2017-2018\/\",\"url\":\"https:\/\/www.diocesi.lodi.it\/ucd\/calendario-attivita-ucd-2017-2018\/\",\"name\":\"Calendario attivit\u00e0 UCD 2017-2018 - Ufficio Catechistico\",\"isPartOf\":{\"@id\":\"https:\/\/www.diocesi.lodi.it\/ucd\/#website\"},\"primaryImageOfPage\":{\"@id\":\"https:\/\/www.diocesi.lodi.it\/ucd\/calendario-attivita-ucd-2017-2018\/#primaryimage\"},\"image\":{\"@id\":\"https:\/\/www.diocesi.lodi.it\/ucd\/calendario-attivita-ucd-2017-2018\/#primaryimage\"},\"thumbnailUrl\":\"https:\/\/www.diocesi.lodi.it\/ucd\/wp-content\/uploads\/sites\/5\/2017\/09\/UCD_prima_serata_260917-300x169.jpeg\",\"datePublished\":\"2017-09-07T14:09:57+00:00\",\"dateModified\":\"2017-10-03T13:04:57+00:00\",\"breadcrumb\":{\"@id\":\"https:\/\/www.diocesi.lodi.it\/ucd\/calendario-attivita-ucd-2017-2018\/#breadcrumb\"},\"inLanguage\":\"it-IT\",\"potentialAction\":[{\"@type\":\"ReadAction\",\"target\":[\"https:\/\/www.diocesi.lodi.it\/ucd\/calendario-attivita-ucd-2017-2018\/\"]}]},{\"@type\":\"ImageObject\",\"inLanguage\":\"it-IT\",\"@id\":\"https:\/\/www.diocesi.lodi.it\/ucd\/calendario-attivita-ucd-2017-2018\/#primaryimage\",\"url\":\"https:\/\/www.diocesi.lodi.it\/ucd\/wp-content\/uploads\/sites\/5\/2017\/09\/UCD_prima_serata_260917-300x169.jpeg\",\"contentUrl\":\"https:\/\/www.diocesi.lodi.it\/ucd\/wp-content\/uploads\/sites\/5\/2017\/09\/UCD_prima_serata_260917-300x169.jpeg\"},{\"@type\":\"BreadcrumbList\",\"@id\":\"https:\/\/www.diocesi.lodi.it\/ucd\/calendario-attivita-ucd-2017-2018\/#breadcrumb\",\"itemListElement\":[{\"@type\":\"ListItem\",\"position\":1,\"name\":\"Home\",\"item\":\"https:\/\/www.diocesi.lodi.it\/ucd\/\"},{\"@type\":\"ListItem\",\"position\":2,\"name\":\"Calendario attivit\u00e0 UCD 2017-2018\"}]},{\"@type\":\"WebSite\",\"@id\":\"https:\/\/www.diocesi.lodi.it\/ucd\/#website\",\"url\":\"https:\/\/www.diocesi.lodi.it\/ucd\/\",\"name\":\"Ufficio Catechistico\",\"description\":\"Diocesi di Lodi\",\"publisher\":{\"@id\":\"https:\/\/www.diocesi.lodi.it\/ucd\/#organization\"},\"potentialAction\":[{\"@type\":\"SearchAction\",\"target\":{\"@type\":\"EntryPoint\",\"urlTemplate\":\"https:\/\/www.diocesi.lodi.it\/ucd\/?s={search_term_string}\"},\"query-input\":\"required name=search_term_string\"}],\"inLanguage\":\"it-IT\"},{\"@type\":\"Organization\",\"@id\":\"https:\/\/www.diocesi.lodi.it\/ucd\/#organization\",\"name\":\"Ufficio Catechistico\",\"url\":\"https:\/\/www.diocesi.lodi.it\/ucd\/\",\"logo\":{\"@type\":\"ImageObject\",\"inLanguage\":\"it-IT\",\"@id\":\"https:\/\/www.diocesi.lodi.it\/ucd\/#\/schema\/logo\/image\/\",\"url\":\"https:\/\/www.diocesi.lodi.it\/ucd\/wp-content\/uploads\/sites\/5\/2023\/10\/lodi-ico.png\",\"contentUrl\":\"https:\/\/www.diocesi.lodi.it\/ucd\/wp-content\/uploads\/sites\/5\/2023\/10\/lodi-ico.png\",\"width\":191,\"height\":190,\"caption\":\"Ufficio Catechistico\"},\"image\":{\"@id\":\"https:\/\/www.diocesi.lodi.it\/ucd\/#\/schema\/logo\/image\/\"}}]}<\/script>\n<!-- \/ Yoast SEO plugin. -->","yoast_head_json":{"title":"Calendario attivit\u00e0 UCD 2017-2018 - Ufficio Catechistico","robots":{"index":"index","follow":"follow","max-snippet":"max-snippet:-1","max-image-preview":"max-image-preview:large","max-video-preview":"max-video-preview:-1"},"canonical":"https:\/\/www.diocesi.lodi.it\/ucd\/calendario-attivita-ucd-2017-2018\/","og_locale":"it_IT","og_type":"article","og_title":"Calendario attivit\u00e0 UCD 2017-2018 - Ufficio Catechistico","og_description":"Primo appuntamento del calendario 2017-1018 \u00e8 il MANDATO DEI CATECHISTI E DEGLI EDUCATORI DELLA FEDE Mercoled\u00ec 13 settembre (ore 21, in Cattedrale), nel contesto della presentazione della Lettera Pastorale &nbsp; L&#8217;ufficio Catechistico Diocesano propone inoltre due serie di incontri formativi: \u201cTRE SERE\u201d PER CATECHISTI E ALTRE FIGURE EDUCATIVE DELLA FEDE\u00a0 e\u00a0 FORMAZIONE \u201cNUOVI CATECHISTI\u201d Coordinatore [&hellip;]","og_url":"https:\/\/www.diocesi.lodi.it\/ucd\/calendario-attivita-ucd-2017-2018\/","og_site_name":"Ufficio Catechistico","article_published_time":"2017-09-07T14:09:57+00:00","article_modified_time":"2017-10-03T13:04:57+00:00","og_image":[{"url":"https:\/\/www.diocesi.lodi.it\/ucd\/wp-content\/uploads\/sites\/5\/2017\/09\/UCD_prima_serata_260917-300x169.jpeg"}],"author":"assistenzapmp","twitter_card":"summary_large_image","twitter_misc":{"Scritto da":"","Tempo di lettura stimato":"5 minuti"},"schema":{"@context":"https:\/\/schema.org","@graph":[{"@type":"Article","@id":"https:\/\/www.diocesi.lodi.it\/ucd\/calendario-attivita-ucd-2017-2018\/#article","isPartOf":{"@id":"https:\/\/www.diocesi.lodi.it\/ucd\/calendario-attivita-ucd-2017-2018\/"},"author":{"name":"assistenzapmp","@id":"https:\/\/www.diocesi.lodi.it\/ucd\/#\/schema\/person\/30b9ebfdd195633e78cf881961519bf9"},"headline":"Calendario attivit\u00e0 UCD 2017-2018","datePublished":"2017-09-07T14:09:57+00:00","dateModified":"2017-10-03T13:04:57+00:00","mainEntityOfPage":{"@id":"https:\/\/www.diocesi.lodi.it\/ucd\/calendario-attivita-ucd-2017-2018\/"},"wordCount":905,"commentCount":0,"publisher":{"@id":"https:\/\/www.diocesi.lodi.it\/ucd\/#organization"},"image":{"@id":"https:\/\/www.diocesi.lodi.it\/ucd\/calendario-attivita-ucd-2017-2018\/#primaryimage"},"thumbnailUrl":"https:\/\/www.diocesi.lodi.it\/ucd\/wp-content\/uploads\/sites\/5\/2017\/09\/UCD_prima_serata_260917-300x169.jpeg","articleSection":["Formazione","Formazione Animatori","news"],"inLanguage":"it-IT"},{"@type":"WebPage","@id":"https:\/\/www.diocesi.lodi.it\/ucd\/calendario-attivita-ucd-2017-2018\/","url":"https:\/\/www.diocesi.lodi.it\/ucd\/calendario-attivita-ucd-2017-2018\/","name":"Calendario attivit\u00e0 UCD 2017-2018 - Ufficio Catechistico","isPartOf":{"@id":"https:\/\/www.diocesi.lodi.it\/ucd\/#website"},"primaryImageOfPage":{"@id":"https:\/\/www.diocesi.lodi.it\/ucd\/calendario-attivita-ucd-2017-2018\/#primaryimage"},"image":{"@id":"https:\/\/www.diocesi.lodi.it\/ucd\/calendario-attivita-ucd-2017-2018\/#primaryimage"},"thumbnailUrl":"https:\/\/www.diocesi.lodi.it\/ucd\/wp-content\/uploads\/sites\/5\/2017\/09\/UCD_prima_serata_260917-300x169.jpeg","datePublished":"2017-09-07T14:09:57+00:00","dateModified":"2017-10-03T13:04:57+00:00","breadcrumb":{"@id":"https:\/\/www.diocesi.lodi.it\/ucd\/calendario-attivita-ucd-2017-2018\/#breadcrumb"},"inLanguage":"it-IT","potentialAction":[{"@type":"ReadAction","target":["https:\/\/www.diocesi.lodi.it\/ucd\/calendario-attivita-ucd-2017-2018\/"]}]},{"@type":"ImageObject","inLanguage":"it-IT","@id":"https:\/\/www.diocesi.lodi.it\/ucd\/calendario-attivita-ucd-2017-2018\/#primaryimage","url":"https:\/\/www.diocesi.lodi.it\/ucd\/wp-content\/uploads\/sites\/5\/2017\/09\/UCD_prima_serata_260917-300x169.jpeg","contentUrl":"https:\/\/www.diocesi.lodi.it\/ucd\/wp-content\/uploads\/sites\/5\/2017\/09\/UCD_prima_serata_260917-300x169.jpeg"},{"@type":"BreadcrumbList","@id":"https:\/\/www.diocesi.lodi.it\/ucd\/calendario-attivita-ucd-2017-2018\/#breadcrumb","itemListElement":[{"@type":"ListItem","position":1,"name":"Home","item":"https:\/\/www.diocesi.lodi.it\/ucd\/"},{"@type":"ListItem","position":2,"name":"Calendario attivit\u00e0 UCD 2017-2018"}]},{"@type":"WebSite","@id":"https:\/\/www.diocesi.lodi.it\/ucd\/#website","url":"https:\/\/www.diocesi.lodi.it\/ucd\/","name":"Ufficio Catechistico","description":"Diocesi di Lodi","publisher":{"@id":"https:\/\/www.diocesi.lodi.it\/ucd\/#organization"},"potentialAction":[{"@type":"SearchAction","target":{"@type":"EntryPoint","urlTemplate":"https:\/\/www.diocesi.lodi.it\/ucd\/?s={search_term_string}"},"query-input":"required name=search_term_string"}],"inLanguage":"it-IT"},{"@type":"Organization","@id":"https:\/\/www.diocesi.lodi.it\/ucd\/#organization","name":"Ufficio Catechistico","url":"https:\/\/www.diocesi.lodi.it\/ucd\/","logo":{"@type":"ImageObject","inLanguage":"it-IT","@id":"https:\/\/www.diocesi.lodi.it\/ucd\/#\/schema\/logo\/image\/","url":"https:\/\/www.diocesi.lodi.it\/ucd\/wp-content\/uploads\/sites\/5\/2023\/10\/lodi-ico.png","contentUrl":"https:\/\/www.diocesi.lodi.it\/ucd\/wp-content\/uploads\/sites\/5\/2023\/10\/lodi-ico.png","width":191,"height":190,"caption":"Ufficio Catechistico"},"image":{"@id":"https:\/\/www.diocesi.lodi.it\/ucd\/#\/schema\/logo\/image\/"}}]}},"_links":{"self":[{"href":"https:\/\/www.diocesi.lodi.it\/ucd\/wp-json\/wp\/v2\/posts\/318"}],"collection":[{"href":"https:\/\/www.diocesi.lodi.it\/ucd\/wp-json\/wp\/v2\/posts"}],"about":[{"href":"https:\/\/www.diocesi.lodi.it\/ucd\/wp-json\/wp\/v2\/types\/post"}],"author":[{"embeddable":true,"href":"https:\/\/www.diocesi.lodi.it\/ucd\/wp-json\/wp\/v2\/users\/11"}],"replies":[{"embeddable":true,"href":"https:\/\/www.diocesi.lodi.it\/ucd\/wp-json\/wp\/v2\/comments?post=318"}],"version-history":[{"count":1,"href":"https:\/\/www.diocesi.lodi.it\/ucd\/wp-json\/wp\/v2\/posts\/318\/revisions"}],"predecessor-version":[{"id":319,"href":"https:\/\/www.diocesi.lodi.it\/ucd\/wp-json\/wp\/v2\/posts\/318\/revisions\/319"}],"wp:attachment":[{"href":"https:\/\/www.diocesi.lodi.it\/ucd\/wp-json\/wp\/v2\/media?parent=318"}],"wp:term":[{"taxonomy":"category","embeddable":true,"href":"https:\/\/www.diocesi.lodi.it\/ucd\/wp-json\/wp\/v2\/categories?post=318"},{"taxonomy":"post_tag","embeddable":true,"href":"https:\/\/www.diocesi.lodi.it\/ucd\/wp-json\/wp\/v2\/tags?post=318"}],"curies":[{"name":"wp","href":"https:\/\/api.w.org\/{rel}","templated":true}]}}