{"id":360,"date":"2020-01-29T15:26:10","date_gmt":"2020-01-29T14:26:10","guid":{"rendered":"https:\/\/www.diocesi.lodi.it\/ucd\/?p=360"},"modified":"2020-01-29T15:27:51","modified_gmt":"2020-01-29T14:27:51","slug":"convegno-regionale-diocesi-lombarde","status":"publish","type":"post","link":"https:\/\/www.diocesi.lodi.it\/ucd\/convegno-regionale-diocesi-lombarde\/","title":{"rendered":"CONVEGNO REGIONALE DIOCESI LOMBARDE"},"content":{"rendered":"<figure id=\"attachment_363\" aria-describedby=\"caption-attachment-363\" style=\"width: 214px\" class=\"wp-caption alignleft\"><a href=\"https:\/\/www.diocesi.lodi.it\/ucd\/wp-content\/uploads\/sites\/5\/2020\/01\/amorevita.pdf\" target=\"_blank\" rel=\"noopener\"><img loading=\"lazy\" decoding=\"async\" class=\"wp-image-363 size-medium\" src=\"https:\/\/www.diocesi.lodi.it\/ucd\/wp-content\/uploads\/sites\/5\/2020\/01\/amorevita-214x300.jpg\" alt=\"Convegno Regionale\" width=\"214\" height=\"300\" srcset=\"https:\/\/www.diocesi.lodi.it\/ucd\/wp-content\/uploads\/sites\/5\/2020\/01\/amorevita-214x300.jpg 214w, https:\/\/www.diocesi.lodi.it\/ucd\/wp-content\/uploads\/sites\/5\/2020\/01\/amorevita-200x280.jpg 200w, https:\/\/www.diocesi.lodi.it\/ucd\/wp-content\/uploads\/sites\/5\/2020\/01\/amorevita-548x768.jpg 548w, https:\/\/www.diocesi.lodi.it\/ucd\/wp-content\/uploads\/sites\/5\/2020\/01\/amorevita.jpg 553w\" sizes=\"(max-width: 214px) 100vw, 214px\" \/><\/a><figcaption id=\"caption-attachment-363\" class=\"wp-caption-text\">Cliccare sull&#8217;immagine per scaricare la locandina con le informazioni<\/figcaption><\/figure>\n<p style=\"text-align: center;\"><strong>L&#8217;amore d\u00e0 sempre vita<\/strong><\/p>\n<p style=\"text-align: center;\"><em>Il vangelo della famiglia<\/em><br \/>\n<em>\u00e8 la risposta alle attese pi\u00f9 profonde<\/em><br \/>\n<em>della persona umana<\/em><\/p>\n<p style=\"text-align: center;\"><strong>SABATO 21 MARZO 2020<\/strong><br \/>\n<strong>dalle ore 9:30 alle ore 14:30<\/strong><br \/>\n<strong>Milano Parrocchia Regina Pacis via Kant, 8<\/strong><\/p>\n<p>Le Diocesi di Lombardia hanno promosso una giornata di studio per gli operatori di pastorale battesimale sul tema dell\u2019Amore che genera e accompagna nella vita nascente.<\/p>\n<p>La giornata si prefigge di offrire una lettura profonda delle dinamiche antropologiche dell\u2019attesa, della nascita e dell\u2019accompagnamento nei primi anni dell\u2019infanzia per cogliere gi\u00e0 \u201cpagine di Vangelo\u201d che vengono scritte nel vissuto di una famiglia che si apre alla vita.<\/p>\n<h3><a href=\"https:\/\/embedrd.ircmi.it\/node\/180\" target=\"_blank\" rel=\"noopener\">Iscrizione online<\/a><\/h3>\n","protected":false},"excerpt":{"rendered":"<p>L&#8217;amore d\u00e0 sempre vita Il vangelo della famiglia \u00e8 la risposta alle attese pi\u00f9 profonde della persona umana SABATO 21 MARZO 2020 dalle ore 9:30 alle ore 14:30 Milano Parrocchia Regina Pacis via Kant, 8 Le Diocesi di Lombardia hanno promosso una giornata di studio per gli operatori di pastorale battesimale sul tema dell\u2019Amore che [&hellip;]<\/p>\n","protected":false},"author":0,"featured_media":363,"comment_status":"closed","ping_status":"open","sticky":false,"template":"","format":"standard","meta":{"_acf_changed":false,"ip_address":"","user_agent":"","level":"","revision":"","cookie_id":"","page_referer":"","html_form":"","footnotes":""},"categories":[4],"tags":[],"acf":[],"yoast_head":"<!-- This site is optimized with the Yoast SEO plugin v22.3 - https:\/\/yoast.com\/wordpress\/plugins\/seo\/ -->\n<title>CONVEGNO REGIONALE DIOCESI LOMBARDE - Ufficio Catechistico<\/title>\n<meta name=\"robots\" content=\"index, follow, max-snippet:-1, max-image-preview:large, max-video-preview:-1\" \/>\n<link rel=\"canonical\" href=\"https:\/\/www.diocesi.lodi.it\/ucd\/convegno-regionale-diocesi-lombarde\/\" \/>\n<meta property=\"og:locale\" content=\"it_IT\" \/>\n<meta property=\"og:type\" content=\"article\" \/>\n<meta property=\"og:title\" content=\"CONVEGNO REGIONALE DIOCESI LOMBARDE - Ufficio Catechistico\" \/>\n<meta property=\"og:description\" content=\"L&#8217;amore d\u00e0 sempre vita Il vangelo della famiglia \u00e8 la risposta alle attese pi\u00f9 profonde della persona umana SABATO 21 MARZO 2020 dalle ore 9:30 alle ore 14:30 Milano Parrocchia Regina Pacis via Kant, 8 Le Diocesi di Lombardia hanno promosso una giornata di studio per gli operatori di pastorale battesimale sul tema dell\u2019Amore che [&hellip;]\" \/>\n<meta property=\"og:url\" content=\"https:\/\/www.diocesi.lodi.it\/ucd\/convegno-regionale-diocesi-lombarde\/\" \/>\n<meta property=\"og:site_name\" content=\"Ufficio Catechistico\" \/>\n<meta property=\"article:published_time\" content=\"2020-01-29T14:26:10+00:00\" \/>\n<meta property=\"article:modified_time\" content=\"2020-01-29T14:27:51+00:00\" \/>\n<meta property=\"og:image\" content=\"https:\/\/www.diocesi.lodi.it\/ucd\/wp-content\/uploads\/sites\/5\/2020\/01\/amorevita.jpg\" \/>\n\t<meta property=\"og:image:width\" content=\"553\" \/>\n\t<meta property=\"og:image:height\" content=\"775\" \/>\n\t<meta property=\"og:image:type\" content=\"image\/jpeg\" \/>\n<meta name=\"author\" content=\"assistenzapmp\" \/>\n<meta name=\"twitter:card\" content=\"summary_large_image\" \/>\n<meta name=\"twitter:label1\" content=\"Scritto da\" \/>\n\t<meta name=\"twitter:data1\" content=\"\" \/>\n\t<meta name=\"twitter:label2\" content=\"Tempo di lettura stimato\" \/>\n\t<meta name=\"twitter:data2\" content=\"1 minuto\" \/>\n<script type=\"application\/ld+json\" class=\"yoast-schema-graph\">{\"@context\":\"https:\/\/schema.org\",\"@graph\":[{\"@type\":\"Article\",\"@id\":\"https:\/\/www.diocesi.lodi.it\/ucd\/convegno-regionale-diocesi-lombarde\/#article\",\"isPartOf\":{\"@id\":\"https:\/\/www.diocesi.lodi.it\/ucd\/convegno-regionale-diocesi-lombarde\/\"},\"author\":{\"name\":\"assistenzapmp\",\"@id\":\"https:\/\/www.diocesi.lodi.it\/ucd\/#\/schema\/person\/30b9ebfdd195633e78cf881961519bf9\"},\"headline\":\"CONVEGNO REGIONALE DIOCESI LOMBARDE\",\"datePublished\":\"2020-01-29T14:26:10+00:00\",\"dateModified\":\"2020-01-29T14:27:51+00:00\",\"mainEntityOfPage\":{\"@id\":\"https:\/\/www.diocesi.lodi.it\/ucd\/convegno-regionale-diocesi-lombarde\/\"},\"wordCount\":123,\"publisher\":{\"@id\":\"https:\/\/www.diocesi.lodi.it\/ucd\/#organization\"},\"image\":{\"@id\":\"https:\/\/www.diocesi.lodi.it\/ucd\/convegno-regionale-diocesi-lombarde\/#primaryimage\"},\"thumbnailUrl\":\"https:\/\/www.diocesi.lodi.it\/ucd\/wp-content\/uploads\/sites\/5\/2020\/01\/amorevita.jpg\",\"articleSection\":[\"news\"],\"inLanguage\":\"it-IT\"},{\"@type\":\"WebPage\",\"@id\":\"https:\/\/www.diocesi.lodi.it\/ucd\/convegno-regionale-diocesi-lombarde\/\",\"url\":\"https:\/\/www.diocesi.lodi.it\/ucd\/convegno-regionale-diocesi-lombarde\/\",\"name\":\"CONVEGNO REGIONALE DIOCESI LOMBARDE - Ufficio Catechistico\",\"isPartOf\":{\"@id\":\"https:\/\/www.diocesi.lodi.it\/ucd\/#website\"},\"primaryImageOfPage\":{\"@id\":\"https:\/\/www.diocesi.lodi.it\/ucd\/convegno-regionale-diocesi-lombarde\/#primaryimage\"},\"image\":{\"@id\":\"https:\/\/www.diocesi.lodi.it\/ucd\/convegno-regionale-diocesi-lombarde\/#primaryimage\"},\"thumbnailUrl\":\"https:\/\/www.diocesi.lodi.it\/ucd\/wp-content\/uploads\/sites\/5\/2020\/01\/amorevita.jpg\",\"datePublished\":\"2020-01-29T14:26:10+00:00\",\"dateModified\":\"2020-01-29T14:27:51+00:00\",\"breadcrumb\":{\"@id\":\"https:\/\/www.diocesi.lodi.it\/ucd\/convegno-regionale-diocesi-lombarde\/#breadcrumb\"},\"inLanguage\":\"it-IT\",\"potentialAction\":[{\"@type\":\"ReadAction\",\"target\":[\"https:\/\/www.diocesi.lodi.it\/ucd\/convegno-regionale-diocesi-lombarde\/\"]}]},{\"@type\":\"ImageObject\",\"inLanguage\":\"it-IT\",\"@id\":\"https:\/\/www.diocesi.lodi.it\/ucd\/convegno-regionale-diocesi-lombarde\/#primaryimage\",\"url\":\"https:\/\/www.diocesi.lodi.it\/ucd\/wp-content\/uploads\/sites\/5\/2020\/01\/amorevita.jpg\",\"contentUrl\":\"https:\/\/www.diocesi.lodi.it\/ucd\/wp-content\/uploads\/sites\/5\/2020\/01\/amorevita.jpg\",\"width\":553,\"height\":775},{\"@type\":\"BreadcrumbList\",\"@id\":\"https:\/\/www.diocesi.lodi.it\/ucd\/convegno-regionale-diocesi-lombarde\/#breadcrumb\",\"itemListElement\":[{\"@type\":\"ListItem\",\"position\":1,\"name\":\"Home\",\"item\":\"https:\/\/www.diocesi.lodi.it\/ucd\/\"},{\"@type\":\"ListItem\",\"position\":2,\"name\":\"CONVEGNO REGIONALE DIOCESI LOMBARDE\"}]},{\"@type\":\"WebSite\",\"@id\":\"https:\/\/www.diocesi.lodi.it\/ucd\/#website\",\"url\":\"https:\/\/www.diocesi.lodi.it\/ucd\/\",\"name\":\"Ufficio Catechistico\",\"description\":\"Diocesi di Lodi\",\"publisher\":{\"@id\":\"https:\/\/www.diocesi.lodi.it\/ucd\/#organization\"},\"potentialAction\":[{\"@type\":\"SearchAction\",\"target\":{\"@type\":\"EntryPoint\",\"urlTemplate\":\"https:\/\/www.diocesi.lodi.it\/ucd\/?s={search_term_string}\"},\"query-input\":\"required name=search_term_string\"}],\"inLanguage\":\"it-IT\"},{\"@type\":\"Organization\",\"@id\":\"https:\/\/www.diocesi.lodi.it\/ucd\/#organization\",\"name\":\"Ufficio Catechistico\",\"url\":\"https:\/\/www.diocesi.lodi.it\/ucd\/\",\"logo\":{\"@type\":\"ImageObject\",\"inLanguage\":\"it-IT\",\"@id\":\"https:\/\/www.diocesi.lodi.it\/ucd\/#\/schema\/logo\/image\/\",\"url\":\"https:\/\/www.diocesi.lodi.it\/ucd\/wp-content\/uploads\/sites\/5\/2023\/10\/lodi-ico.png\",\"contentUrl\":\"https:\/\/www.diocesi.lodi.it\/ucd\/wp-content\/uploads\/sites\/5\/2023\/10\/lodi-ico.png\",\"width\":191,\"height\":190,\"caption\":\"Ufficio Catechistico\"},\"image\":{\"@id\":\"https:\/\/www.diocesi.lodi.it\/ucd\/#\/schema\/logo\/image\/\"}}]}<\/script>\n<!-- \/ Yoast SEO plugin. -->","yoast_head_json":{"title":"CONVEGNO REGIONALE DIOCESI LOMBARDE - Ufficio Catechistico","robots":{"index":"index","follow":"follow","max-snippet":"max-snippet:-1","max-image-preview":"max-image-preview:large","max-video-preview":"max-video-preview:-1"},"canonical":"https:\/\/www.diocesi.lodi.it\/ucd\/convegno-regionale-diocesi-lombarde\/","og_locale":"it_IT","og_type":"article","og_title":"CONVEGNO REGIONALE DIOCESI LOMBARDE - Ufficio Catechistico","og_description":"L&#8217;amore d\u00e0 sempre vita Il vangelo della famiglia \u00e8 la risposta alle attese pi\u00f9 profonde della persona umana SABATO 21 MARZO 2020 dalle ore 9:30 alle ore 14:30 Milano Parrocchia Regina Pacis via Kant, 8 Le Diocesi di Lombardia hanno promosso una giornata di studio per gli operatori di pastorale battesimale sul tema dell\u2019Amore che [&hellip;]","og_url":"https:\/\/www.diocesi.lodi.it\/ucd\/convegno-regionale-diocesi-lombarde\/","og_site_name":"Ufficio Catechistico","article_published_time":"2020-01-29T14:26:10+00:00","article_modified_time":"2020-01-29T14:27:51+00:00","og_image":[{"width":553,"height":775,"url":"https:\/\/www.diocesi.lodi.it\/ucd\/wp-content\/uploads\/sites\/5\/2020\/01\/amorevita.jpg","type":"image\/jpeg"}],"author":"assistenzapmp","twitter_card":"summary_large_image","twitter_misc":{"Scritto da":"","Tempo di lettura stimato":"1 minuto"},"schema":{"@context":"https:\/\/schema.org","@graph":[{"@type":"Article","@id":"https:\/\/www.diocesi.lodi.it\/ucd\/convegno-regionale-diocesi-lombarde\/#article","isPartOf":{"@id":"https:\/\/www.diocesi.lodi.it\/ucd\/convegno-regionale-diocesi-lombarde\/"},"author":{"name":"assistenzapmp","@id":"https:\/\/www.diocesi.lodi.it\/ucd\/#\/schema\/person\/30b9ebfdd195633e78cf881961519bf9"},"headline":"CONVEGNO REGIONALE DIOCESI LOMBARDE","datePublished":"2020-01-29T14:26:10+00:00","dateModified":"2020-01-29T14:27:51+00:00","mainEntityOfPage":{"@id":"https:\/\/www.diocesi.lodi.it\/ucd\/convegno-regionale-diocesi-lombarde\/"},"wordCount":123,"publisher":{"@id":"https:\/\/www.diocesi.lodi.it\/ucd\/#organization"},"image":{"@id":"https:\/\/www.diocesi.lodi.it\/ucd\/convegno-regionale-diocesi-lombarde\/#primaryimage"},"thumbnailUrl":"https:\/\/www.diocesi.lodi.it\/ucd\/wp-content\/uploads\/sites\/5\/2020\/01\/amorevita.jpg","articleSection":["news"],"inLanguage":"it-IT"},{"@type":"WebPage","@id":"https:\/\/www.diocesi.lodi.it\/ucd\/convegno-regionale-diocesi-lombarde\/","url":"https:\/\/www.diocesi.lodi.it\/ucd\/convegno-regionale-diocesi-lombarde\/","name":"CONVEGNO REGIONALE DIOCESI LOMBARDE - Ufficio Catechistico","isPartOf":{"@id":"https:\/\/www.diocesi.lodi.it\/ucd\/#website"},"primaryImageOfPage":{"@id":"https:\/\/www.diocesi.lodi.it\/ucd\/convegno-regionale-diocesi-lombarde\/#primaryimage"},"image":{"@id":"https:\/\/www.diocesi.lodi.it\/ucd\/convegno-regionale-diocesi-lombarde\/#primaryimage"},"thumbnailUrl":"https:\/\/www.diocesi.lodi.it\/ucd\/wp-content\/uploads\/sites\/5\/2020\/01\/amorevita.jpg","datePublished":"2020-01-29T14:26:10+00:00","dateModified":"2020-01-29T14:27:51+00:00","breadcrumb":{"@id":"https:\/\/www.diocesi.lodi.it\/ucd\/convegno-regionale-diocesi-lombarde\/#breadcrumb"},"inLanguage":"it-IT","potentialAction":[{"@type":"ReadAction","target":["https:\/\/www.diocesi.lodi.it\/ucd\/convegno-regionale-diocesi-lombarde\/"]}]},{"@type":"ImageObject","inLanguage":"it-IT","@id":"https:\/\/www.diocesi.lodi.it\/ucd\/convegno-regionale-diocesi-lombarde\/#primaryimage","url":"https:\/\/www.diocesi.lodi.it\/ucd\/wp-content\/uploads\/sites\/5\/2020\/01\/amorevita.jpg","contentUrl":"https:\/\/www.diocesi.lodi.it\/ucd\/wp-content\/uploads\/sites\/5\/2020\/01\/amorevita.jpg","width":553,"height":775},{"@type":"BreadcrumbList","@id":"https:\/\/www.diocesi.lodi.it\/ucd\/convegno-regionale-diocesi-lombarde\/#breadcrumb","itemListElement":[{"@type":"ListItem","position":1,"name":"Home","item":"https:\/\/www.diocesi.lodi.it\/ucd\/"},{"@type":"ListItem","position":2,"name":"CONVEGNO REGIONALE DIOCESI LOMBARDE"}]},{"@type":"WebSite","@id":"https:\/\/www.diocesi.lodi.it\/ucd\/#website","url":"https:\/\/www.diocesi.lodi.it\/ucd\/","name":"Ufficio Catechistico","description":"Diocesi di Lodi","publisher":{"@id":"https:\/\/www.diocesi.lodi.it\/ucd\/#organization"},"potentialAction":[{"@type":"SearchAction","target":{"@type":"EntryPoint","urlTemplate":"https:\/\/www.diocesi.lodi.it\/ucd\/?s={search_term_string}"},"query-input":"required name=search_term_string"}],"inLanguage":"it-IT"},{"@type":"Organization","@id":"https:\/\/www.diocesi.lodi.it\/ucd\/#organization","name":"Ufficio Catechistico","url":"https:\/\/www.diocesi.lodi.it\/ucd\/","logo":{"@type":"ImageObject","inLanguage":"it-IT","@id":"https:\/\/www.diocesi.lodi.it\/ucd\/#\/schema\/logo\/image\/","url":"https:\/\/www.diocesi.lodi.it\/ucd\/wp-content\/uploads\/sites\/5\/2023\/10\/lodi-ico.png","contentUrl":"https:\/\/www.diocesi.lodi.it\/ucd\/wp-content\/uploads\/sites\/5\/2023\/10\/lodi-ico.png","width":191,"height":190,"caption":"Ufficio Catechistico"},"image":{"@id":"https:\/\/www.diocesi.lodi.it\/ucd\/#\/schema\/logo\/image\/"}}]}},"_links":{"self":[{"href":"https:\/\/www.diocesi.lodi.it\/ucd\/wp-json\/wp\/v2\/posts\/360"}],"collection":[{"href":"https:\/\/www.diocesi.lodi.it\/ucd\/wp-json\/wp\/v2\/posts"}],"about":[{"href":"https:\/\/www.diocesi.lodi.it\/ucd\/wp-json\/wp\/v2\/types\/post"}],"author":[{"embeddable":true,"href":"https:\/\/www.diocesi.lodi.it\/ucd\/wp-json\/wp\/v2\/users\/11"}],"replies":[{"embeddable":true,"href":"https:\/\/www.diocesi.lodi.it\/ucd\/wp-json\/wp\/v2\/comments?post=360"}],"version-history":[{"count":0,"href":"https:\/\/www.diocesi.lodi.it\/ucd\/wp-json\/wp\/v2\/posts\/360\/revisions"}],"wp:featuredmedia":[{"embeddable":true,"href":"https:\/\/www.diocesi.lodi.it\/ucd\/wp-json\/wp\/v2\/media\/363"}],"wp:attachment":[{"href":"https:\/\/www.diocesi.lodi.it\/ucd\/wp-json\/wp\/v2\/media?parent=360"}],"wp:term":[{"taxonomy":"category","embeddable":true,"href":"https:\/\/www.diocesi.lodi.it\/ucd\/wp-json\/wp\/v2\/categories?post=360"},{"taxonomy":"post_tag","embeddable":true,"href":"https:\/\/www.diocesi.lodi.it\/ucd\/wp-json\/wp\/v2\/tags?post=360"}],"curies":[{"name":"wp","href":"https:\/\/api.w.org\/{rel}","templated":true}]}}