{"id":366,"date":"2020-09-22T15:56:39","date_gmt":"2020-09-22T13:56:39","guid":{"rendered":"https:\/\/www.diocesi.lodi.it\/ucd\/?p=366"},"modified":"2024-05-07T19:16:49","modified_gmt":"2024-05-07T17:16:49","slug":"366","status":"publish","type":"post","link":"https:\/\/www.diocesi.lodi.it\/ucd\/366\/","title":{"rendered":"Sussidi per le parrocchie"},"content":{"rendered":"<p>Sono resi disponibili ai sacerdoti della diocesi i materiali, predisposti dall&#8217;Ufficio catechistico diocesano.<\/p>\n<p>Si tratta di tre piccoli sussidi pensati soprattutto per le parrocchie che in questo periodo di forzato distanziamento progettano momenti di catechesi da vivere in famiglia.<\/p>\n<p>Sono stati pensati per i bambini che si preparano alla I confessione e I comunione e le loro famiglie, e per i ragazzi che si preparano alla cresima e le loro famiglie.<\/p>\n<table style=\"width: 100%\">\n<tbody>\n<tr>\n<td>\n<p><figure id=\"attachment_369\" aria-describedby=\"caption-attachment-369\" style=\"width: 213px\" class=\"wp-caption aligncenter\"><a href=\"https:\/\/www.diocesi.lodi.it\/ucd\/wp-content\/uploads\/sites\/5\/2020\/09\/UF-Cat_Prima-Confessione.pdf\" target=\"_blank\" rel=\"noopener noreferrer\"><img loading=\"lazy\" decoding=\"async\" class=\"wp-image-369 size-medium\" title=\"Clicca l'immagine per scaricare l'opuscolo (.PDF)\" src=\"https:\/\/www.diocesi.lodi.it\/ucd\/wp-content\/uploads\/sites\/5\/2020\/09\/Uff_Cate_primaConfessione-213x300.jpg\" alt=\"\" width=\"213\" height=\"300\" srcset=\"https:\/\/www.diocesi.lodi.it\/ucd\/wp-content\/uploads\/sites\/5\/2020\/09\/Uff_Cate_primaConfessione-213x300.jpg 213w, https:\/\/www.diocesi.lodi.it\/ucd\/wp-content\/uploads\/sites\/5\/2020\/09\/Uff_Cate_primaConfessione-198x280.jpg 198w, https:\/\/www.diocesi.lodi.it\/ucd\/wp-content\/uploads\/sites\/5\/2020\/09\/Uff_Cate_primaConfessione-544x768.jpg 544w, https:\/\/www.diocesi.lodi.it\/ucd\/wp-content\/uploads\/sites\/5\/2020\/09\/Uff_Cate_primaConfessione.jpg 647w\" sizes=\"(max-width: 213px) 100vw, 213px\" \/><\/a><figcaption id=\"caption-attachment-369\" class=\"wp-caption-text\">Clicca l&#8217;immagine per scaricare l&#8217;opuscolo (.PDF)<\/figcaption><\/figure><\/td>\n<td style=\"text-align: center\">\n<p><figure id=\"attachment_368\" aria-describedby=\"caption-attachment-368\" style=\"width: 212px\" class=\"wp-caption aligncenter\"><a href=\"https:\/\/www.diocesi.lodi.it\/ucd\/wp-content\/uploads\/sites\/5\/2020\/09\/UF-Cat_Prima-Comunione.pdf\" target=\"_blank\" rel=\"noopener noreferrer\"><img loading=\"lazy\" decoding=\"async\" class=\"wp-image-368 size-medium\" title=\"Clicca l'immagine per scaricare l'opuscolo (.PDF)\" src=\"https:\/\/www.diocesi.lodi.it\/ucd\/wp-content\/uploads\/sites\/5\/2020\/09\/Uff_Cate_primaComunione-212x300.jpg\" alt=\"\" width=\"212\" height=\"300\" srcset=\"https:\/\/www.diocesi.lodi.it\/ucd\/wp-content\/uploads\/sites\/5\/2020\/09\/Uff_Cate_primaComunione-212x300.jpg 212w, https:\/\/www.diocesi.lodi.it\/ucd\/wp-content\/uploads\/sites\/5\/2020\/09\/Uff_Cate_primaComunione-197x280.jpg 197w, https:\/\/www.diocesi.lodi.it\/ucd\/wp-content\/uploads\/sites\/5\/2020\/09\/Uff_Cate_primaComunione-541x768.jpg 541w, https:\/\/www.diocesi.lodi.it\/ucd\/wp-content\/uploads\/sites\/5\/2020\/09\/Uff_Cate_primaComunione.jpg 643w\" sizes=\"(max-width: 212px) 100vw, 212px\" \/><\/a><figcaption id=\"caption-attachment-368\" class=\"wp-caption-text\">Clicca l&#8217;immagine per scaricare l&#8217;opuscolo (.PDF)<\/figcaption><\/figure><\/td>\n<td>\n<p><figure id=\"attachment_367\" aria-describedby=\"caption-attachment-367\" style=\"width: 211px\" class=\"wp-caption aligncenter\"><a href=\"https:\/\/www.diocesi.lodi.it\/ucd\/2020\/09\/24\/sussidi-cammino-cresima\/\" target=\"_blank\" rel=\"noopener noreferrer\"><img loading=\"lazy\" decoding=\"async\" class=\"wp-image-367 size-medium\" title=\"Clicca l'immagine per vedere il materiale\" src=\"https:\/\/www.diocesi.lodi.it\/ucd\/wp-content\/uploads\/sites\/5\/2020\/09\/Uff_Cate_Cresima-211x300.jpg\" alt=\"\" width=\"211\" height=\"300\" srcset=\"https:\/\/www.diocesi.lodi.it\/ucd\/wp-content\/uploads\/sites\/5\/2020\/09\/Uff_Cate_Cresima-211x300.jpg 211w, https:\/\/www.diocesi.lodi.it\/ucd\/wp-content\/uploads\/sites\/5\/2020\/09\/Uff_Cate_Cresima-197x280.jpg 197w, https:\/\/www.diocesi.lodi.it\/ucd\/wp-content\/uploads\/sites\/5\/2020\/09\/Uff_Cate_Cresima-541x768.jpg 541w, https:\/\/www.diocesi.lodi.it\/ucd\/wp-content\/uploads\/sites\/5\/2020\/09\/Uff_Cate_Cresima.jpg 640w\" sizes=\"(max-width: 211px) 100vw, 211px\" \/><\/a><figcaption id=\"caption-attachment-367\" class=\"wp-caption-text\">Clicca l&#8217;immagine per vedere il materiale<\/figcaption><\/figure><\/td>\n<\/tr>\n<\/tbody>\n<\/table>\n<p>Questi piccoli fascicoli sono solo uno stimolo per la fantasia, che tutti siamo invitati a scatenare nei prossimi mesi. La pandemia ha infatti azzerato tanti processi e tante iniziative che rappresentavano la vita quotidiana delle nostre parrocchie. Ad entrare in crisi \u00e8 stata soprattutto l\u2019esperienza comunitaria con tutti quegli appuntamenti liturgici, di animazione e di catechesi che sono l\u2019ossatura delle nostre parrocchie.<br \/>\nOvviamente, in questo periodo di lontananza forzata, i catechisti e i sacerdoti non si sono persi d\u2019animo, e attraverso una serie di iniziative hanno continuato a coltivare, sia pure a distanza, l\u2019esperienza comunitaria. La catechesi \u00e8 sbarcata sul digitale, come mai era successo prima: molti educatori hanno cercato di incontrare i propri ragazzi su piattaforme virtuali. Ci siamo impratichiti di strumenti che non conoscevamo, constatando le opportunit\u00e0 che essi offrivano e i loro limiti.<br \/>\nC\u2019\u00e8 stato anche un elemento interessante. Impossibilitati a vivere un\u2019esperienza serena in parrocchia, molte comunit\u00e0 hanno incentivato forme di catechesi famigliare, dove i genitori, in forma diretta, hanno cercato di essere testimoni della fede per i loro figli, organizzando qualche momento tra le mura di casa. Difficile tracciare un bilancio di questa esperienza: capire se effettivamente tutte le famiglie di una comunit\u00e0 si sono sentite responsabili della trasmissione della fede ai propri figli, o se l\u2019esigenza sia stata avvertita solo dalle famiglie tradizionalmente segnate da un\u2019esperienza di fede pi\u00f9 fervida.<br \/>\nDa qualche mese, pur tra mille prudenze, i cristiani hanno ricominciato a trovarsi in parrocchia. C\u2019\u00e8 da sperare che il tempo di forzato distanziamento non si protragga ancora a lungo. Per\u00f2 in qualche caso \u00e8 stato bello cercare di riscoprire la fede in famiglia.<br \/>\nEcco, dunque, il senso di questi fascicoli. Non si tratta di un programma catechistico da affidare alle parrocchie, ma di una specie di serbatoio, a cui i catechisti e i sacerdoti possono attingere, per accompagnare le famiglie nella loro testimonianza di fede. \u00c8 stato pensato per i bambini e i ragazzi che si stanno preparando per ricevere il sacramento della prima Confessione, della prima Comunione e della Cresima. Ovviamente non si tratta di strumenti che permettono di delegare alle famiglie la formazione catechistica dei ragazzi: i genitori hanno comunque bisogno di essere incoraggiati e accompagnati. La questione della catechesi familiare non si risolve mettendo semplicemente in mano ai genitori un libretto, senza creare legami con loro. Insomma, \u00e8 tempo di semina, di provare a gettare un seme sul terreno che ci \u00e8 affidato. Nell\u2019impresa di evangelizzazione non esistono ricette facili, e nemmeno metodi di sicuro successo: tutto si gioca sul lato della grazia. Occorrono uomini che gettano senza criterio il seme, e la speranza di trovare un terreno dove il Regno fiorisce. Alcuni allegati saranno disponibili per essere scaricati dal sito della Diocesi.<br \/>\nSarebbe bello se i catechisti della Diocesi facessero pervenire all\u2019Ufficio Catechistico osservazioni, suggerimenti e anche contributi che potranno essere condivisi con tutti<\/p>\n<p><em>Don Guglielmo Cazzulani<\/em><\/p>\n<p><em>Ufficio catechistico<\/em><\/p>\n","protected":false},"excerpt":{"rendered":"<p>Sono resi disponibili ai sacerdoti della diocesi i materiali, predisposti dall&#8217;Ufficio catechistico diocesano. Si tratta di tre piccoli sussidi pensati soprattutto per le parrocchie che in questo periodo di forzato distanziamento progettano momenti di catechesi da vivere in famiglia. Sono stati pensati per i bambini che si preparano alla I confessione e I comunione e [&hellip;]<\/p>\n","protected":false},"author":0,"featured_media":374,"comment_status":"closed","ping_status":"closed","sticky":false,"template":"","format":"standard","meta":{"_acf_changed":false,"ip_address":"","user_agent":"","level":"","revision":"","cookie_id":"","page_referer":"","html_form":"","footnotes":""},"categories":[4,278],"tags":[],"acf":[],"yoast_head":"<!-- This site is optimized with the Yoast SEO plugin v22.3 - https:\/\/yoast.com\/wordpress\/plugins\/seo\/ -->\n<title>Sussidi per le parrocchie - Ufficio Catechistico<\/title>\n<meta name=\"robots\" content=\"index, follow, max-snippet:-1, max-image-preview:large, max-video-preview:-1\" \/>\n<link rel=\"canonical\" href=\"https:\/\/www.diocesi.lodi.it\/ucd\/366\/\" \/>\n<meta property=\"og:locale\" content=\"it_IT\" \/>\n<meta property=\"og:type\" content=\"article\" \/>\n<meta property=\"og:title\" content=\"Sussidi per le parrocchie - Ufficio Catechistico\" \/>\n<meta property=\"og:description\" content=\"Sono resi disponibili ai sacerdoti della diocesi i materiali, predisposti dall&#8217;Ufficio catechistico diocesano. Si tratta di tre piccoli sussidi pensati soprattutto per le parrocchie che in questo periodo di forzato distanziamento progettano momenti di catechesi da vivere in famiglia. Sono stati pensati per i bambini che si preparano alla I confessione e I comunione e [&hellip;]\" \/>\n<meta property=\"og:url\" content=\"https:\/\/www.diocesi.lodi.it\/ucd\/366\/\" \/>\n<meta property=\"og:site_name\" content=\"Ufficio Catechistico\" \/>\n<meta property=\"article:published_time\" content=\"2020-09-22T13:56:39+00:00\" \/>\n<meta property=\"article:modified_time\" content=\"2024-05-07T17:16:49+00:00\" \/>\n<meta property=\"og:image\" content=\"https:\/\/www.diocesi.lodi.it\/ucd\/wp-content\/uploads\/sites\/5\/2020\/09\/Uff_Cate_Cresima_box.jpg\" \/>\n\t<meta property=\"og:image:width\" content=\"391\" \/>\n\t<meta property=\"og:image:height\" content=\"397\" \/>\n\t<meta property=\"og:image:type\" content=\"image\/jpeg\" \/>\n<meta name=\"author\" content=\"assistenzapmp\" \/>\n<meta name=\"twitter:card\" content=\"summary_large_image\" \/>\n<meta name=\"twitter:label1\" content=\"Scritto da\" \/>\n\t<meta name=\"twitter:data1\" content=\"\" \/>\n\t<meta name=\"twitter:label2\" content=\"Tempo di lettura stimato\" \/>\n\t<meta name=\"twitter:data2\" content=\"4 minuti\" \/>\n<script type=\"application\/ld+json\" class=\"yoast-schema-graph\">{\"@context\":\"https:\/\/schema.org\",\"@graph\":[{\"@type\":\"Article\",\"@id\":\"https:\/\/www.diocesi.lodi.it\/ucd\/366\/#article\",\"isPartOf\":{\"@id\":\"https:\/\/www.diocesi.lodi.it\/ucd\/366\/\"},\"author\":{\"name\":\"assistenzapmp\",\"@id\":\"https:\/\/www.diocesi.lodi.it\/ucd\/#\/schema\/person\/30b9ebfdd195633e78cf881961519bf9\"},\"headline\":\"Sussidi per le parrocchie\",\"datePublished\":\"2020-09-22T13:56:39+00:00\",\"dateModified\":\"2024-05-07T17:16:49+00:00\",\"mainEntityOfPage\":{\"@id\":\"https:\/\/www.diocesi.lodi.it\/ucd\/366\/\"},\"wordCount\":603,\"publisher\":{\"@id\":\"https:\/\/www.diocesi.lodi.it\/ucd\/#organization\"},\"image\":{\"@id\":\"https:\/\/www.diocesi.lodi.it\/ucd\/366\/#primaryimage\"},\"thumbnailUrl\":\"https:\/\/www.diocesi.lodi.it\/ucd\/wp-content\/uploads\/sites\/5\/2020\/09\/Uff_Cate_Cresima_box.jpg\",\"articleSection\":[\"news\",\"Sussidi\"],\"inLanguage\":\"it-IT\"},{\"@type\":\"WebPage\",\"@id\":\"https:\/\/www.diocesi.lodi.it\/ucd\/366\/\",\"url\":\"https:\/\/www.diocesi.lodi.it\/ucd\/366\/\",\"name\":\"Sussidi per le parrocchie - Ufficio Catechistico\",\"isPartOf\":{\"@id\":\"https:\/\/www.diocesi.lodi.it\/ucd\/#website\"},\"primaryImageOfPage\":{\"@id\":\"https:\/\/www.diocesi.lodi.it\/ucd\/366\/#primaryimage\"},\"image\":{\"@id\":\"https:\/\/www.diocesi.lodi.it\/ucd\/366\/#primaryimage\"},\"thumbnailUrl\":\"https:\/\/www.diocesi.lodi.it\/ucd\/wp-content\/uploads\/sites\/5\/2020\/09\/Uff_Cate_Cresima_box.jpg\",\"datePublished\":\"2020-09-22T13:56:39+00:00\",\"dateModified\":\"2024-05-07T17:16:49+00:00\",\"breadcrumb\":{\"@id\":\"https:\/\/www.diocesi.lodi.it\/ucd\/366\/#breadcrumb\"},\"inLanguage\":\"it-IT\",\"potentialAction\":[{\"@type\":\"ReadAction\",\"target\":[\"https:\/\/www.diocesi.lodi.it\/ucd\/366\/\"]}]},{\"@type\":\"ImageObject\",\"inLanguage\":\"it-IT\",\"@id\":\"https:\/\/www.diocesi.lodi.it\/ucd\/366\/#primaryimage\",\"url\":\"https:\/\/www.diocesi.lodi.it\/ucd\/wp-content\/uploads\/sites\/5\/2020\/09\/Uff_Cate_Cresima_box.jpg\",\"contentUrl\":\"https:\/\/www.diocesi.lodi.it\/ucd\/wp-content\/uploads\/sites\/5\/2020\/09\/Uff_Cate_Cresima_box.jpg\",\"width\":391,\"height\":397},{\"@type\":\"BreadcrumbList\",\"@id\":\"https:\/\/www.diocesi.lodi.it\/ucd\/366\/#breadcrumb\",\"itemListElement\":[{\"@type\":\"ListItem\",\"position\":1,\"name\":\"Home\",\"item\":\"https:\/\/www.diocesi.lodi.it\/ucd\/\"},{\"@type\":\"ListItem\",\"position\":2,\"name\":\"Sussidi per le parrocchie\"}]},{\"@type\":\"WebSite\",\"@id\":\"https:\/\/www.diocesi.lodi.it\/ucd\/#website\",\"url\":\"https:\/\/www.diocesi.lodi.it\/ucd\/\",\"name\":\"Ufficio Catechistico\",\"description\":\"Diocesi di Lodi\",\"publisher\":{\"@id\":\"https:\/\/www.diocesi.lodi.it\/ucd\/#organization\"},\"potentialAction\":[{\"@type\":\"SearchAction\",\"target\":{\"@type\":\"EntryPoint\",\"urlTemplate\":\"https:\/\/www.diocesi.lodi.it\/ucd\/?s={search_term_string}\"},\"query-input\":\"required name=search_term_string\"}],\"inLanguage\":\"it-IT\"},{\"@type\":\"Organization\",\"@id\":\"https:\/\/www.diocesi.lodi.it\/ucd\/#organization\",\"name\":\"Ufficio Catechistico\",\"url\":\"https:\/\/www.diocesi.lodi.it\/ucd\/\",\"logo\":{\"@type\":\"ImageObject\",\"inLanguage\":\"it-IT\",\"@id\":\"https:\/\/www.diocesi.lodi.it\/ucd\/#\/schema\/logo\/image\/\",\"url\":\"https:\/\/www.diocesi.lodi.it\/ucd\/wp-content\/uploads\/sites\/5\/2023\/10\/lodi-ico.png\",\"contentUrl\":\"https:\/\/www.diocesi.lodi.it\/ucd\/wp-content\/uploads\/sites\/5\/2023\/10\/lodi-ico.png\",\"width\":191,\"height\":190,\"caption\":\"Ufficio Catechistico\"},\"image\":{\"@id\":\"https:\/\/www.diocesi.lodi.it\/ucd\/#\/schema\/logo\/image\/\"}}]}<\/script>\n<!-- \/ Yoast SEO plugin. -->","yoast_head_json":{"title":"Sussidi per le parrocchie - Ufficio Catechistico","robots":{"index":"index","follow":"follow","max-snippet":"max-snippet:-1","max-image-preview":"max-image-preview:large","max-video-preview":"max-video-preview:-1"},"canonical":"https:\/\/www.diocesi.lodi.it\/ucd\/366\/","og_locale":"it_IT","og_type":"article","og_title":"Sussidi per le parrocchie - Ufficio Catechistico","og_description":"Sono resi disponibili ai sacerdoti della diocesi i materiali, predisposti dall&#8217;Ufficio catechistico diocesano. Si tratta di tre piccoli sussidi pensati soprattutto per le parrocchie che in questo periodo di forzato distanziamento progettano momenti di catechesi da vivere in famiglia. Sono stati pensati per i bambini che si preparano alla I confessione e I comunione e [&hellip;]","og_url":"https:\/\/www.diocesi.lodi.it\/ucd\/366\/","og_site_name":"Ufficio Catechistico","article_published_time":"2020-09-22T13:56:39+00:00","article_modified_time":"2024-05-07T17:16:49+00:00","og_image":[{"width":391,"height":397,"url":"https:\/\/www.diocesi.lodi.it\/ucd\/wp-content\/uploads\/sites\/5\/2020\/09\/Uff_Cate_Cresima_box.jpg","type":"image\/jpeg"}],"author":"assistenzapmp","twitter_card":"summary_large_image","twitter_misc":{"Scritto da":"","Tempo di lettura stimato":"4 minuti"},"schema":{"@context":"https:\/\/schema.org","@graph":[{"@type":"Article","@id":"https:\/\/www.diocesi.lodi.it\/ucd\/366\/#article","isPartOf":{"@id":"https:\/\/www.diocesi.lodi.it\/ucd\/366\/"},"author":{"name":"assistenzapmp","@id":"https:\/\/www.diocesi.lodi.it\/ucd\/#\/schema\/person\/30b9ebfdd195633e78cf881961519bf9"},"headline":"Sussidi per le parrocchie","datePublished":"2020-09-22T13:56:39+00:00","dateModified":"2024-05-07T17:16:49+00:00","mainEntityOfPage":{"@id":"https:\/\/www.diocesi.lodi.it\/ucd\/366\/"},"wordCount":603,"publisher":{"@id":"https:\/\/www.diocesi.lodi.it\/ucd\/#organization"},"image":{"@id":"https:\/\/www.diocesi.lodi.it\/ucd\/366\/#primaryimage"},"thumbnailUrl":"https:\/\/www.diocesi.lodi.it\/ucd\/wp-content\/uploads\/sites\/5\/2020\/09\/Uff_Cate_Cresima_box.jpg","articleSection":["news","Sussidi"],"inLanguage":"it-IT"},{"@type":"WebPage","@id":"https:\/\/www.diocesi.lodi.it\/ucd\/366\/","url":"https:\/\/www.diocesi.lodi.it\/ucd\/366\/","name":"Sussidi per le parrocchie - Ufficio Catechistico","isPartOf":{"@id":"https:\/\/www.diocesi.lodi.it\/ucd\/#website"},"primaryImageOfPage":{"@id":"https:\/\/www.diocesi.lodi.it\/ucd\/366\/#primaryimage"},"image":{"@id":"https:\/\/www.diocesi.lodi.it\/ucd\/366\/#primaryimage"},"thumbnailUrl":"https:\/\/www.diocesi.lodi.it\/ucd\/wp-content\/uploads\/sites\/5\/2020\/09\/Uff_Cate_Cresima_box.jpg","datePublished":"2020-09-22T13:56:39+00:00","dateModified":"2024-05-07T17:16:49+00:00","breadcrumb":{"@id":"https:\/\/www.diocesi.lodi.it\/ucd\/366\/#breadcrumb"},"inLanguage":"it-IT","potentialAction":[{"@type":"ReadAction","target":["https:\/\/www.diocesi.lodi.it\/ucd\/366\/"]}]},{"@type":"ImageObject","inLanguage":"it-IT","@id":"https:\/\/www.diocesi.lodi.it\/ucd\/366\/#primaryimage","url":"https:\/\/www.diocesi.lodi.it\/ucd\/wp-content\/uploads\/sites\/5\/2020\/09\/Uff_Cate_Cresima_box.jpg","contentUrl":"https:\/\/www.diocesi.lodi.it\/ucd\/wp-content\/uploads\/sites\/5\/2020\/09\/Uff_Cate_Cresima_box.jpg","width":391,"height":397},{"@type":"BreadcrumbList","@id":"https:\/\/www.diocesi.lodi.it\/ucd\/366\/#breadcrumb","itemListElement":[{"@type":"ListItem","position":1,"name":"Home","item":"https:\/\/www.diocesi.lodi.it\/ucd\/"},{"@type":"ListItem","position":2,"name":"Sussidi per le parrocchie"}]},{"@type":"WebSite","@id":"https:\/\/www.diocesi.lodi.it\/ucd\/#website","url":"https:\/\/www.diocesi.lodi.it\/ucd\/","name":"Ufficio Catechistico","description":"Diocesi di Lodi","publisher":{"@id":"https:\/\/www.diocesi.lodi.it\/ucd\/#organization"},"potentialAction":[{"@type":"SearchAction","target":{"@type":"EntryPoint","urlTemplate":"https:\/\/www.diocesi.lodi.it\/ucd\/?s={search_term_string}"},"query-input":"required name=search_term_string"}],"inLanguage":"it-IT"},{"@type":"Organization","@id":"https:\/\/www.diocesi.lodi.it\/ucd\/#organization","name":"Ufficio Catechistico","url":"https:\/\/www.diocesi.lodi.it\/ucd\/","logo":{"@type":"ImageObject","inLanguage":"it-IT","@id":"https:\/\/www.diocesi.lodi.it\/ucd\/#\/schema\/logo\/image\/","url":"https:\/\/www.diocesi.lodi.it\/ucd\/wp-content\/uploads\/sites\/5\/2023\/10\/lodi-ico.png","contentUrl":"https:\/\/www.diocesi.lodi.it\/ucd\/wp-content\/uploads\/sites\/5\/2023\/10\/lodi-ico.png","width":191,"height":190,"caption":"Ufficio Catechistico"},"image":{"@id":"https:\/\/www.diocesi.lodi.it\/ucd\/#\/schema\/logo\/image\/"}}]}},"_links":{"self":[{"href":"https:\/\/www.diocesi.lodi.it\/ucd\/wp-json\/wp\/v2\/posts\/366"}],"collection":[{"href":"https:\/\/www.diocesi.lodi.it\/ucd\/wp-json\/wp\/v2\/posts"}],"about":[{"href":"https:\/\/www.diocesi.lodi.it\/ucd\/wp-json\/wp\/v2\/types\/post"}],"author":[{"embeddable":true,"href":"https:\/\/www.diocesi.lodi.it\/ucd\/wp-json\/wp\/v2\/users\/11"}],"replies":[{"embeddable":true,"href":"https:\/\/www.diocesi.lodi.it\/ucd\/wp-json\/wp\/v2\/comments?post=366"}],"version-history":[{"count":2,"href":"https:\/\/www.diocesi.lodi.it\/ucd\/wp-json\/wp\/v2\/posts\/366\/revisions"}],"predecessor-version":[{"id":571,"href":"https:\/\/www.diocesi.lodi.it\/ucd\/wp-json\/wp\/v2\/posts\/366\/revisions\/571"}],"wp:featuredmedia":[{"embeddable":true,"href":"https:\/\/www.diocesi.lodi.it\/ucd\/wp-json\/wp\/v2\/media\/374"}],"wp:attachment":[{"href":"https:\/\/www.diocesi.lodi.it\/ucd\/wp-json\/wp\/v2\/media?parent=366"}],"wp:term":[{"taxonomy":"category","embeddable":true,"href":"https:\/\/www.diocesi.lodi.it\/ucd\/wp-json\/wp\/v2\/categories?post=366"},{"taxonomy":"post_tag","embeddable":true,"href":"https:\/\/www.diocesi.lodi.it\/ucd\/wp-json\/wp\/v2\/tags?post=366"}],"curies":[{"name":"wp","href":"https:\/\/api.w.org\/{rel}","templated":true}]}}